{"id":28431,"date":"2025-05-20T09:52:37","date_gmt":"2025-05-20T08:52:37","guid":{"rendered":"https:\/\/ericeiramarket.pt\/?p=28431"},"modified":"2025-05-20T09:54:03","modified_gmt":"2025-05-20T08:54:03","slug":"arraial-solidario-associacao-ana","status":"publish","type":"post","link":"https:\/\/ericeiramarket.pt\/en\/noticias\/arraial-solidario-associacao-ana\/","title":{"rendered":"Solidarity Festival - ANA Association"},"content":{"rendered":"<div data-elementor-type=\"wp-post\" data-elementor-id=\"28431\" class=\"elementor elementor-28431\">\n\t\t\t\t\t\t<section class=\"elementor-section elementor-top-section elementor-element elementor-element-072975c elementor-section-boxed elementor-section-height-default elementor-section-height-default row-top\" data-id=\"072975c\" data-element_type=\"section\" data-e-type=\"section\">\n\t\t\t\t\t\t<div class=\"elementor-container elementor-column-gap-default\">\n\t\t\t\t\t<div class=\"elementor-column elementor-col-100 elementor-top-column elementor-element elementor-element-1c963fd column-style-top\" data-id=\"1c963fd\" data-element_type=\"column\" data-e-type=\"column\">\n\t\t\t<div class=\"elementor-widget-wrap elementor-element-populated\">\n\t\t\t\t\t\t<div class=\"elementor-element elementor-element-c3dc79f elementor-widget-divider--view-line elementor-widget elementor-widget-divider\" data-id=\"c3dc79f\" data-element_type=\"widget\" data-e-type=\"widget\" data-widget_type=\"divider.default\">\n\t\t\t\t<div class=\"elementor-widget-container\">\n\t\t\t\t\t\t\t<div class=\"elementor-divider\">\n\t\t\t<span class=\"elementor-divider-separator\">\n\t\t\t\t\t\t<\/span>\n\t\t<\/div>\n\t\t\t\t\t\t<\/div>\n\t\t\t\t<\/div>\n\t\t\t\t<div class=\"elementor-element elementor-element-b7ed87f elementor-widget elementor-widget-text-editor\" data-id=\"b7ed87f\" data-element_type=\"widget\" data-e-type=\"widget\" data-widget_type=\"text-editor.default\">\n\t\t\t\t<div class=\"elementor-widget-container\">\n\t\t\t\t\t\t\t\t\t<h3 class=\"\" data-start=\"112\" data-end=\"202\">ANA Association Solidarity Festival: Food, Music and Solidarity in Sobreiro, Mafra<\/h3><p class=\"\" data-start=\"204\" data-end=\"438\">Next day <strong data-start=\"219\" data-end=\"233\">7th June<\/strong>, the ANA Association (Acolher, Nutrir, Amar) invites the whole community to take part in its <strong data-start=\"322\" data-end=\"343\">Solidarity Festival<\/strong>which will take place at <strong data-start=\"363\" data-end=\"412\">Rancho Folcl\u00f3rico Cantarinha de Barro headquarters<\/strong>in <strong data-start=\"417\" data-end=\"437\">Cork Oak - Mafra<\/strong>.<\/p><p class=\"\" data-start=\"440\" data-end=\"736\">The event begins with a <strong data-start=\"463\" data-end=\"500\">solidarity lunch from 12 noon<\/strong>for just <strong data-start=\"513\" data-end=\"520\">20\u20ac<\/strong>which includes <strong data-start=\"533\" data-end=\"554\">monkfish rice<\/strong> or <strong data-start=\"558\" data-end=\"583\">Portuguese-style feijoada<\/strong>with dessert, fruit, drinks (soft drinks, water or wine) included. Bookings can be made in advance by calling <strong data-start=\"720\" data-end=\"735\">917 518 899<\/strong>.<\/p><p class=\"\" data-start=\"738\" data-end=\"1012\">Throughout the day, there will be a lively festival with a variety of gastronomic options such as <strong data-start=\"828\" data-end=\"841\">sardines<\/strong>, <strong data-start=\"843\" data-end=\"854\">steaks<\/strong>, <strong data-start=\"856\" data-end=\"890\">toast (mixed and vegetarian)<\/strong>, <strong data-start=\"892\" data-end=\"918\">roast beef sandwich<\/strong>, <strong data-start=\"920\" data-end=\"933\">puppies<\/strong>, <strong data-start=\"935\" data-end=\"977\">burgers (meat and vegetarian)<\/strong>, <strong data-start=\"979\" data-end=\"988\">soups<\/strong> e <strong data-start=\"991\" data-end=\"1011\">various drinks<\/strong>.<\/p><p class=\"\" data-start=\"1014\" data-end=\"1212\">From <strong data-start=\"1027\" data-end=\"1034\">16h<\/strong>The party continues with <strong data-start=\"1057\" data-end=\"1085\">activities for children<\/strong>The evening will include inflatables and storytellers, and will last well into the night. <strong data-start=\"1173\" data-end=\"1211\">music, DJs, surprises and fun<\/strong>.<\/p><p class=\"\" data-start=\"1214\" data-end=\"1387\">This event has a special purpose: <strong data-start=\"1252\" data-end=\"1326\">to raise funds for the construction of a school in Kupul, Guinea-Bissau<\/strong>helping to provide a better future for many children.<\/p><p class=\"\" data-start=\"1389\" data-end=\"1470\">Bring your family and friends for a day full of joy, flavour and solidarity!<\/p>\t\t\t\t\t\t\t\t<\/div>\n\t\t\t\t<\/div>\n\t\t\t\t\t<\/div>\n\t\t<\/div>\n\t\t\t\t\t<\/div>\n\t\t<\/section>\n\t\t\t\t<section class=\"elementor-section elementor-top-section elementor-element elementor-element-a2e588d elementor-section-boxed elementor-section-height-default elementor-section-height-default row-top\" data-id=\"a2e588d\" data-element_type=\"section\" data-e-type=\"section\">\n\t\t\t\t\t\t<div class=\"elementor-container elementor-column-gap-default\">\n\t\t\t\t\t<div class=\"elementor-column elementor-col-100 elementor-top-column elementor-element elementor-element-e36a5ac column-style-top\" data-id=\"e36a5ac\" data-element_type=\"column\" data-e-type=\"column\">\n\t\t\t<div class=\"elementor-widget-wrap\">\n\t\t\t\t\t\t\t<\/div>\n\t\t<\/div>\n\t\t\t\t\t<\/div>\n\t\t<\/section>\n\t\t\t\t<section class=\"elementor-section elementor-top-section elementor-element elementor-element-72be5d2 elementor-section-boxed elementor-section-height-default elementor-section-height-default row-top\" data-id=\"72be5d2\" data-element_type=\"section\" data-e-type=\"section\">\n\t\t\t\t\t\t<div class=\"elementor-container elementor-column-gap-default\">\n\t\t\t\t\t<div class=\"elementor-column elementor-col-50 elementor-top-column elementor-element elementor-element-a172387 column-style-top\" data-id=\"a172387\" data-element_type=\"column\" data-e-type=\"column\">\n\t\t\t<div class=\"elementor-widget-wrap elementor-element-populated\">\n\t\t\t\t\t\t\t<\/div>\n\t\t<\/div>\n\t\t\t\t<div class=\"elementor-column elementor-col-50 elementor-top-column elementor-element elementor-element-2d44f21 column-style-top\" data-id=\"2d44f21\" data-element_type=\"column\" data-e-type=\"column\">\n\t\t\t<div class=\"elementor-widget-wrap elementor-element-populated\">\n\t\t\t\t\t\t<div class=\"elementor-element elementor-element-e0594b4 elementor-widget elementor-widget-text-editor\" data-id=\"e0594b4\" data-element_type=\"widget\" data-e-type=\"widget\" data-widget_type=\"text-editor.default\">\n\t\t\t\t<div class=\"elementor-widget-container\">\n\t\t\t\t\t\t\t\t\t<p><em>*Refer to Ericeira Market<\/em><\/p>\t\t\t\t\t\t\t\t<\/div>\n\t\t\t\t<\/div>\n\t\t\t\t\t<\/div>\n\t\t<\/div>\n\t\t\t\t\t<\/div>\n\t\t<\/section>\n\t\t\t\t<section class=\"elementor-section elementor-top-section elementor-element elementor-element-6f8df81 elementor-section-boxed elementor-section-height-default elementor-section-height-default row-top\" data-id=\"6f8df81\" data-element_type=\"section\" data-e-type=\"section\">\n\t\t\t\t\t\t<div class=\"elementor-container elementor-column-gap-default\">\n\t\t\t\t\t<div class=\"elementor-column elementor-col-100 elementor-top-column elementor-element elementor-element-0e58504 column-style-top\" data-id=\"0e58504\" data-element_type=\"column\" data-e-type=\"column\">\n\t\t\t<div class=\"elementor-widget-wrap elementor-element-populated\">\n\t\t\t\t\t\t<div class=\"elementor-element elementor-element-bda450a elementor-widget-divider--view-line elementor-widget elementor-widget-divider\" data-id=\"bda450a\" data-element_type=\"widget\" data-e-type=\"widget\" data-widget_type=\"divider.default\">\n\t\t\t\t<div class=\"elementor-widget-container\">\n\t\t\t\t\t\t\t<div class=\"elementor-divider\">\n\t\t\t<span class=\"elementor-divider-separator\">\n\t\t\t\t\t\t<\/span>\n\t\t<\/div>\n\t\t\t\t\t\t<\/div>\n\t\t\t\t<\/div>\n\t\t\t\t<div class=\"elementor-element elementor-element-c9023ae elementor-position-inline-start elementor-view-default elementor-mobile-position-block-start elementor-widget elementor-widget-icon-box\" data-id=\"c9023ae\" data-element_type=\"widget\" data-e-type=\"widget\" data-widget_type=\"icon-box.default\">\n\t\t\t\t<div class=\"elementor-widget-container\">\n\t\t\t\t\t\t\t<div class=\"elementor-icon-box-wrapper\">\n\n\t\t\t\t\t\t<div class=\"elementor-icon-box-icon\">\n\t\t\t\t<a href=\"https:\/\/www.instagram.com\/associacaoana\/\" target=\"_blank\" class=\"elementor-icon\" tabindex=\"-1\" aria-label=\"Click Here\">\n\t\t\t\t<i aria-hidden=\"true\" class=\"fi flaticon-shop\"><\/i>\t\t\t\t<\/a>\n\t\t\t<\/div>\n\t\t\t\n\t\t\t\t\t\t<div class=\"elementor-icon-box-content\">\n\n\t\t\t\t\t\t\t\t\t<h3 class=\"elementor-icon-box-title\">\n\t\t\t\t\t\t<a href=\"https:\/\/www.instagram.com\/associacaoana\/\" target=\"_blank\" >\n\t\t\t\t\t\t\tClick Here\t\t\t\t\t\t<\/a>\n\t\t\t\t\t<\/h3>\n\t\t\t\t\n\t\t\t\t\t\t\t\t\t<p class=\"elementor-icon-box-description\">\n\t\t\t\t\t\tfor more information\t\t\t\t\t<\/p>\n\t\t\t\t\n\t\t\t<\/div>\n\t\t\t\n\t\t<\/div>\n\t\t\t\t\t\t<\/div>\n\t\t\t\t<\/div>\n\t\t\t\t\t<\/div>\n\t\t<\/div>\n\t\t\t\t\t<\/div>\n\t\t<\/section>\n\t\t\t\t<\/div>","protected":false},"excerpt":{"rendered":"<p>Arraial Solid\u00e1rio da Associa\u00e7\u00e3o ANA: Comida, M\u00fasica e Solidariedade em Sobreiro, Mafra No pr\u00f3ximo dia 7 de junho, a Associa\u00e7\u00e3o ANA (Acolher, Nutrir, Amar) convida toda a comunidade a participar [&hellip;]<\/p>\n","protected":false},"author":14,"featured_media":28432,"comment_status":"closed","ping_status":"closed","sticky":false,"template":"","format":"standard","meta":{"footnotes":""},"categories":[181],"tags":[],"class_list":["post-28431","post","type-post","status-publish","format-standard","has-post-thumbnail","hentry","category-noticias"],"yoast_head":"<!-- This site is optimized with the Yoast SEO plugin v27.5 - https:\/\/yoast.com\/product\/yoast-seo-wordpress\/ -->\n<title>Arraial Solid\u00e1rio - Associa\u00e7\u00e3o ANA - Ericeira Market<\/title>\n<meta name=\"description\" content=\"Arraial Solid\u00e1rio, Associa\u00e7\u00e3o ANA, 7 de junho\" \/>\n<meta name=\"robots\" content=\"index, follow, max-snippet:-1, max-image-preview:large, max-video-preview:-1\" \/>\n<link rel=\"canonical\" href=\"https:\/\/ericeiramarket.pt\/en\/noticias\/arraial-solidario-associacao-ana\/\" \/>\n<meta property=\"og:locale\" content=\"en_GB\" \/>\n<meta property=\"og:type\" content=\"article\" \/>\n<meta property=\"og:title\" content=\"Arraial Solid\u00e1rio - Associa\u00e7\u00e3o ANA - Ericeira Market\" \/>\n<meta property=\"og:description\" content=\"Arraial Solid\u00e1rio, Associa\u00e7\u00e3o ANA, 7 de junho\" \/>\n<meta property=\"og:url\" content=\"https:\/\/ericeiramarket.pt\/en\/noticias\/arraial-solidario-associacao-ana\/\" \/>\n<meta property=\"og:site_name\" content=\"Ericeira Market\" \/>\n<meta property=\"article:publisher\" content=\"https:\/\/www.facebook.com\/EriceiraMarket\/\" \/>\n<meta property=\"article:published_time\" content=\"2025-05-20T08:52:37+00:00\" \/>\n<meta property=\"article:modified_time\" content=\"2025-05-20T08:54:03+00:00\" \/>\n<meta property=\"og:image\" content=\"https:\/\/ericeiramarket.pt\/wp-content\/uploads\/2025\/05\/image-1.jpg\" \/>\n\t<meta property=\"og:image:width\" content=\"820\" \/>\n\t<meta property=\"og:image:height\" content=\"312\" \/>\n\t<meta property=\"og:image:type\" content=\"image\/jpeg\" \/>\n<meta name=\"author\" content=\"Ericeira Market\" \/>\n<meta name=\"twitter:card\" content=\"summary_large_image\" \/>\n<meta name=\"twitter:label1\" content=\"Written by\" \/>\n\t<meta name=\"twitter:data1\" content=\"Ericeira Market\" \/>\n\t<meta name=\"twitter:label2\" content=\"Estimated reading time\" \/>\n\t<meta name=\"twitter:data2\" content=\"1 minute\" \/>\n<script type=\"application\/ld+json\" class=\"yoast-schema-graph\">{\"@context\":\"https:\\\/\\\/schema.org\",\"@graph\":[{\"@type\":\"Article\",\"@id\":\"https:\\\/\\\/ericeiramarket.pt\\\/noticias\\\/arraial-solidario-associacao-ana\\\/#article\",\"isPartOf\":{\"@id\":\"https:\\\/\\\/ericeiramarket.pt\\\/noticias\\\/arraial-solidario-associacao-ana\\\/\"},\"author\":{\"name\":\"Ericeira Market\",\"@id\":\"https:\\\/\\\/ericeiramarket.pt\\\/#\\\/schema\\\/person\\\/7fc06f6ea1f083d4a89c2b4863323627\"},\"headline\":\"Arraial Solid\u00e1rio &#8211; Associa\u00e7\u00e3o ANA\",\"datePublished\":\"2025-05-20T08:52:37+00:00\",\"dateModified\":\"2025-05-20T08:54:03+00:00\",\"mainEntityOfPage\":{\"@id\":\"https:\\\/\\\/ericeiramarket.pt\\\/noticias\\\/arraial-solidario-associacao-ana\\\/\"},\"wordCount\":234,\"publisher\":{\"@id\":\"https:\\\/\\\/ericeiramarket.pt\\\/#organization\"},\"image\":{\"@id\":\"https:\\\/\\\/ericeiramarket.pt\\\/noticias\\\/arraial-solidario-associacao-ana\\\/#primaryimage\"},\"thumbnailUrl\":\"https:\\\/\\\/ericeiramarket.pt\\\/wp-content\\\/uploads\\\/2025\\\/05\\\/image-1.jpg\",\"articleSection\":[\"Not\u00edcias\"],\"inLanguage\":\"en-GB\"},{\"@type\":\"WebPage\",\"@id\":\"https:\\\/\\\/ericeiramarket.pt\\\/noticias\\\/arraial-solidario-associacao-ana\\\/\",\"url\":\"https:\\\/\\\/ericeiramarket.pt\\\/noticias\\\/arraial-solidario-associacao-ana\\\/\",\"name\":\"Arraial Solid\u00e1rio - Associa\u00e7\u00e3o ANA - Ericeira Market\",\"isPartOf\":{\"@id\":\"https:\\\/\\\/ericeiramarket.pt\\\/#website\"},\"primaryImageOfPage\":{\"@id\":\"https:\\\/\\\/ericeiramarket.pt\\\/noticias\\\/arraial-solidario-associacao-ana\\\/#primaryimage\"},\"image\":{\"@id\":\"https:\\\/\\\/ericeiramarket.pt\\\/noticias\\\/arraial-solidario-associacao-ana\\\/#primaryimage\"},\"thumbnailUrl\":\"https:\\\/\\\/ericeiramarket.pt\\\/wp-content\\\/uploads\\\/2025\\\/05\\\/image-1.jpg\",\"datePublished\":\"2025-05-20T08:52:37+00:00\",\"dateModified\":\"2025-05-20T08:54:03+00:00\",\"description\":\"Arraial Solid\u00e1rio, Associa\u00e7\u00e3o ANA, 7 de junho\",\"breadcrumb\":{\"@id\":\"https:\\\/\\\/ericeiramarket.pt\\\/noticias\\\/arraial-solidario-associacao-ana\\\/#breadcrumb\"},\"inLanguage\":\"en-GB\",\"potentialAction\":[{\"@type\":\"ReadAction\",\"target\":[\"https:\\\/\\\/ericeiramarket.pt\\\/noticias\\\/arraial-solidario-associacao-ana\\\/\"]}]},{\"@type\":\"ImageObject\",\"inLanguage\":\"en-GB\",\"@id\":\"https:\\\/\\\/ericeiramarket.pt\\\/noticias\\\/arraial-solidario-associacao-ana\\\/#primaryimage\",\"url\":\"https:\\\/\\\/ericeiramarket.pt\\\/wp-content\\\/uploads\\\/2025\\\/05\\\/image-1.jpg\",\"contentUrl\":\"https:\\\/\\\/ericeiramarket.pt\\\/wp-content\\\/uploads\\\/2025\\\/05\\\/image-1.jpg\",\"width\":820,\"height\":312},{\"@type\":\"BreadcrumbList\",\"@id\":\"https:\\\/\\\/ericeiramarket.pt\\\/noticias\\\/arraial-solidario-associacao-ana\\\/#breadcrumb\",\"itemListElement\":[{\"@type\":\"ListItem\",\"position\":1,\"name\":\"Home\",\"item\":\"https:\\\/\\\/ericeiramarket.pt\\\/\"},{\"@type\":\"ListItem\",\"position\":2,\"name\":\"Arraial Solid\u00e1rio &#8211; Associa\u00e7\u00e3o ANA\"}]},{\"@type\":\"WebSite\",\"@id\":\"https:\\\/\\\/ericeiramarket.pt\\\/#website\",\"url\":\"https:\\\/\\\/ericeiramarket.pt\\\/\",\"name\":\"Ericeira Market\",\"description\":\"O melhor da Ericeira est\u00e1 aqui!\",\"publisher\":{\"@id\":\"https:\\\/\\\/ericeiramarket.pt\\\/#organization\"},\"potentialAction\":[{\"@type\":\"SearchAction\",\"target\":{\"@type\":\"EntryPoint\",\"urlTemplate\":\"https:\\\/\\\/ericeiramarket.pt\\\/?s={search_term_string}\"},\"query-input\":{\"@type\":\"PropertyValueSpecification\",\"valueRequired\":true,\"valueName\":\"search_term_string\"}}],\"inLanguage\":\"en-GB\"},{\"@type\":\"Organization\",\"@id\":\"https:\\\/\\\/ericeiramarket.pt\\\/#organization\",\"name\":\"Ericeira Market - A Ericeira cabe toda aqui\",\"url\":\"https:\\\/\\\/ericeiramarket.pt\\\/\",\"logo\":{\"@type\":\"ImageObject\",\"inLanguage\":\"en-GB\",\"@id\":\"https:\\\/\\\/ericeiramarket.pt\\\/#\\\/schema\\\/logo\\\/image\\\/\",\"url\":\"https:\\\/\\\/ericeiramarket.pt\\\/wp-content\\\/uploads\\\/2020\\\/09\\\/Asset-4ericeira-market-logos-seo.png\",\"contentUrl\":\"https:\\\/\\\/ericeiramarket.pt\\\/wp-content\\\/uploads\\\/2020\\\/09\\\/Asset-4ericeira-market-logos-seo.png\",\"width\":557,\"height\":566,\"caption\":\"Ericeira Market - A Ericeira cabe toda aqui\"},\"image\":{\"@id\":\"https:\\\/\\\/ericeiramarket.pt\\\/#\\\/schema\\\/logo\\\/image\\\/\"},\"sameAs\":[\"https:\\\/\\\/www.facebook.com\\\/EriceiraMarket\\\/\"]},{\"@type\":\"Person\",\"@id\":\"https:\\\/\\\/ericeiramarket.pt\\\/#\\\/schema\\\/person\\\/7fc06f6ea1f083d4a89c2b4863323627\",\"name\":\"Ericeira Market\",\"image\":{\"@type\":\"ImageObject\",\"inLanguage\":\"en-GB\",\"@id\":\"https:\\\/\\\/secure.gravatar.com\\\/avatar\\\/e7801dc4f7eaf3b3b55ab33aa93707f8b98d27edfb6b8c22cdc62dc055513bf6?s=96&d=mm&r=g\",\"url\":\"https:\\\/\\\/secure.gravatar.com\\\/avatar\\\/e7801dc4f7eaf3b3b55ab33aa93707f8b98d27edfb6b8c22cdc62dc055513bf6?s=96&d=mm&r=g\",\"contentUrl\":\"https:\\\/\\\/secure.gravatar.com\\\/avatar\\\/e7801dc4f7eaf3b3b55ab33aa93707f8b98d27edfb6b8c22cdc62dc055513bf6?s=96&d=mm&r=g\",\"caption\":\"Ericeira Market\"},\"url\":\"https:\\\/\\\/ericeiramarket.pt\\\/en\\\/author\\\/nocaslusio\\\/\"}]}<\/script>\n<!-- \/ Yoast SEO plugin. -->","yoast_head_json":{"title":"Solidarity Party - ANA Association - Ericeira Market","description":"Solidarity Festival, ANA Association, 7th June","robots":{"index":"index","follow":"follow","max-snippet":"max-snippet:-1","max-image-preview":"max-image-preview:large","max-video-preview":"max-video-preview:-1"},"canonical":"https:\/\/ericeiramarket.pt\/en\/noticias\/arraial-solidario-associacao-ana\/","og_locale":"en_GB","og_type":"article","og_title":"Arraial Solid\u00e1rio - Associa\u00e7\u00e3o ANA - Ericeira Market","og_description":"Arraial Solid\u00e1rio, Associa\u00e7\u00e3o ANA, 7 de junho","og_url":"https:\/\/ericeiramarket.pt\/en\/noticias\/arraial-solidario-associacao-ana\/","og_site_name":"Ericeira Market","article_publisher":"https:\/\/www.facebook.com\/EriceiraMarket\/","article_published_time":"2025-05-20T08:52:37+00:00","article_modified_time":"2025-05-20T08:54:03+00:00","og_image":[{"width":820,"height":312,"url":"https:\/\/ericeiramarket.pt\/wp-content\/uploads\/2025\/05\/image-1.jpg","type":"image\/jpeg"}],"author":"Ericeira Market","twitter_card":"summary_large_image","twitter_misc":{"Written by":"Ericeira Market","Estimated reading time":"1 minute"},"schema":{"@context":"https:\/\/schema.org","@graph":[{"@type":"Article","@id":"https:\/\/ericeiramarket.pt\/noticias\/arraial-solidario-associacao-ana\/#article","isPartOf":{"@id":"https:\/\/ericeiramarket.pt\/noticias\/arraial-solidario-associacao-ana\/"},"author":{"name":"Ericeira Market","@id":"https:\/\/ericeiramarket.pt\/#\/schema\/person\/7fc06f6ea1f083d4a89c2b4863323627"},"headline":"Arraial Solid\u00e1rio &#8211; Associa\u00e7\u00e3o ANA","datePublished":"2025-05-20T08:52:37+00:00","dateModified":"2025-05-20T08:54:03+00:00","mainEntityOfPage":{"@id":"https:\/\/ericeiramarket.pt\/noticias\/arraial-solidario-associacao-ana\/"},"wordCount":234,"publisher":{"@id":"https:\/\/ericeiramarket.pt\/#organization"},"image":{"@id":"https:\/\/ericeiramarket.pt\/noticias\/arraial-solidario-associacao-ana\/#primaryimage"},"thumbnailUrl":"https:\/\/ericeiramarket.pt\/wp-content\/uploads\/2025\/05\/image-1.jpg","articleSection":["Not\u00edcias"],"inLanguage":"en-GB"},{"@type":"WebPage","@id":"https:\/\/ericeiramarket.pt\/noticias\/arraial-solidario-associacao-ana\/","url":"https:\/\/ericeiramarket.pt\/noticias\/arraial-solidario-associacao-ana\/","name":"Solidarity Party - ANA Association - Ericeira Market","isPartOf":{"@id":"https:\/\/ericeiramarket.pt\/#website"},"primaryImageOfPage":{"@id":"https:\/\/ericeiramarket.pt\/noticias\/arraial-solidario-associacao-ana\/#primaryimage"},"image":{"@id":"https:\/\/ericeiramarket.pt\/noticias\/arraial-solidario-associacao-ana\/#primaryimage"},"thumbnailUrl":"https:\/\/ericeiramarket.pt\/wp-content\/uploads\/2025\/05\/image-1.jpg","datePublished":"2025-05-20T08:52:37+00:00","dateModified":"2025-05-20T08:54:03+00:00","description":"Solidarity Festival, ANA Association, 7th June","breadcrumb":{"@id":"https:\/\/ericeiramarket.pt\/noticias\/arraial-solidario-associacao-ana\/#breadcrumb"},"inLanguage":"en-GB","potentialAction":[{"@type":"ReadAction","target":["https:\/\/ericeiramarket.pt\/noticias\/arraial-solidario-associacao-ana\/"]}]},{"@type":"ImageObject","inLanguage":"en-GB","@id":"https:\/\/ericeiramarket.pt\/noticias\/arraial-solidario-associacao-ana\/#primaryimage","url":"https:\/\/ericeiramarket.pt\/wp-content\/uploads\/2025\/05\/image-1.jpg","contentUrl":"https:\/\/ericeiramarket.pt\/wp-content\/uploads\/2025\/05\/image-1.jpg","width":820,"height":312},{"@type":"BreadcrumbList","@id":"https:\/\/ericeiramarket.pt\/noticias\/arraial-solidario-associacao-ana\/#breadcrumb","itemListElement":[{"@type":"ListItem","position":1,"name":"Home","item":"https:\/\/ericeiramarket.pt\/"},{"@type":"ListItem","position":2,"name":"Arraial Solid\u00e1rio &#8211; Associa\u00e7\u00e3o ANA"}]},{"@type":"WebSite","@id":"https:\/\/ericeiramarket.pt\/#website","url":"https:\/\/ericeiramarket.pt\/","name":"Ericeira Market","description":"The best of Ericeira is here!","publisher":{"@id":"https:\/\/ericeiramarket.pt\/#organization"},"potentialAction":[{"@type":"SearchAction","target":{"@type":"EntryPoint","urlTemplate":"https:\/\/ericeiramarket.pt\/?s={search_term_string}"},"query-input":{"@type":"PropertyValueSpecification","valueRequired":true,"valueName":"search_term_string"}}],"inLanguage":"en-GB"},{"@type":"Organization","@id":"https:\/\/ericeiramarket.pt\/#organization","name":"Ericeira Market - Ericeira fits in here","url":"https:\/\/ericeiramarket.pt\/","logo":{"@type":"ImageObject","inLanguage":"en-GB","@id":"https:\/\/ericeiramarket.pt\/#\/schema\/logo\/image\/","url":"https:\/\/ericeiramarket.pt\/wp-content\/uploads\/2020\/09\/Asset-4ericeira-market-logos-seo.png","contentUrl":"https:\/\/ericeiramarket.pt\/wp-content\/uploads\/2020\/09\/Asset-4ericeira-market-logos-seo.png","width":557,"height":566,"caption":"Ericeira Market - A Ericeira cabe toda aqui"},"image":{"@id":"https:\/\/ericeiramarket.pt\/#\/schema\/logo\/image\/"},"sameAs":["https:\/\/www.facebook.com\/EriceiraMarket\/"]},{"@type":"Person","@id":"https:\/\/ericeiramarket.pt\/#\/schema\/person\/7fc06f6ea1f083d4a89c2b4863323627","name":"Ericeira Market","image":{"@type":"ImageObject","inLanguage":"en-GB","@id":"https:\/\/secure.gravatar.com\/avatar\/e7801dc4f7eaf3b3b55ab33aa93707f8b98d27edfb6b8c22cdc62dc055513bf6?s=96&d=mm&r=g","url":"https:\/\/secure.gravatar.com\/avatar\/e7801dc4f7eaf3b3b55ab33aa93707f8b98d27edfb6b8c22cdc62dc055513bf6?s=96&d=mm&r=g","contentUrl":"https:\/\/secure.gravatar.com\/avatar\/e7801dc4f7eaf3b3b55ab33aa93707f8b98d27edfb6b8c22cdc62dc055513bf6?s=96&d=mm&r=g","caption":"Ericeira Market"},"url":"https:\/\/ericeiramarket.pt\/en\/author\/nocaslusio\/"}]}},"_links":{"self":[{"href":"https:\/\/ericeiramarket.pt\/en\/wp-json\/wp\/v2\/posts\/28431","targetHints":{"allow":["GET"]}}],"collection":[{"href":"https:\/\/ericeiramarket.pt\/en\/wp-json\/wp\/v2\/posts"}],"about":[{"href":"https:\/\/ericeiramarket.pt\/en\/wp-json\/wp\/v2\/types\/post"}],"author":[{"embeddable":true,"href":"https:\/\/ericeiramarket.pt\/en\/wp-json\/wp\/v2\/users\/14"}],"replies":[{"embeddable":true,"href":"https:\/\/ericeiramarket.pt\/en\/wp-json\/wp\/v2\/comments?post=28431"}],"version-history":[{"count":8,"href":"https:\/\/ericeiramarket.pt\/en\/wp-json\/wp\/v2\/posts\/28431\/revisions"}],"predecessor-version":[{"id":28440,"href":"https:\/\/ericeiramarket.pt\/en\/wp-json\/wp\/v2\/posts\/28431\/revisions\/28440"}],"wp:featuredmedia":[{"embeddable":true,"href":"https:\/\/ericeiramarket.pt\/en\/wp-json\/wp\/v2\/media\/28432"}],"wp:attachment":[{"href":"https:\/\/ericeiramarket.pt\/en\/wp-json\/wp\/v2\/media?parent=28431"}],"wp:term":[{"taxonomy":"category","embeddable":true,"href":"https:\/\/ericeiramarket.pt\/en\/wp-json\/wp\/v2\/categories?post=28431"},{"taxonomy":"post_tag","embeddable":true,"href":"https:\/\/ericeiramarket.pt\/en\/wp-json\/wp\/v2\/tags?post=28431"}],"curies":[{"name":"wp","href":"https:\/\/api.w.org\/{rel}","templated":true}]}}