{"id":22126,"date":"2024-04-22T10:58:01","date_gmt":"2024-04-22T10:58:01","guid":{"rendered":"https:\/\/ericeiramarket.pt\/?p=22126"},"modified":"2024-04-22T10:58:56","modified_gmt":"2024-04-22T10:58:56","slug":"%f0%9f%8f%86os-premios-azul-ericeira-mag-24-foram-entregues-em-clima-de-festa%f0%9f%a5%b3","status":"publish","type":"post","link":"https:\/\/ericeiramarket.pt\/en\/noticias\/%f0%9f%8f%86os-premios-azul-ericeira-mag-24-foram-entregues-em-clima-de-festa%f0%9f%a5%b3\/","title":{"rendered":"\ud83c\udfc6 THE AZUL - ERICEIRA MAG '24 AWARDS WERE PRESENTED IN A FESTIVE ATMOSPHERE\ud83e\udd73"},"content":{"rendered":"<div data-elementor-type=\"wp-post\" data-elementor-id=\"22126\" class=\"elementor elementor-22126\">\n\t\t\t\t\t\t<section class=\"elementor-section elementor-top-section elementor-element elementor-element-072975c elementor-section-boxed elementor-section-height-default elementor-section-height-default row-top\" data-id=\"072975c\" data-element_type=\"section\" data-e-type=\"section\">\n\t\t\t\t\t\t<div class=\"elementor-container elementor-column-gap-default\">\n\t\t\t\t\t<div class=\"elementor-column elementor-col-100 elementor-top-column elementor-element elementor-element-1c963fd column-style-top\" data-id=\"1c963fd\" data-element_type=\"column\" data-e-type=\"column\">\n\t\t\t<div class=\"elementor-widget-wrap elementor-element-populated\">\n\t\t\t\t\t\t<div class=\"elementor-element elementor-element-c3dc79f elementor-widget-divider--view-line elementor-widget elementor-widget-divider\" data-id=\"c3dc79f\" data-element_type=\"widget\" data-e-type=\"widget\" data-widget_type=\"divider.default\">\n\t\t\t\t<div class=\"elementor-widget-container\">\n\t\t\t\t\t\t\t<div class=\"elementor-divider\">\n\t\t\t<span class=\"elementor-divider-separator\">\n\t\t\t\t\t\t<\/span>\n\t\t<\/div>\n\t\t\t\t\t\t<\/div>\n\t\t\t\t<\/div>\n\t\t\t\t\t<\/div>\n\t\t<\/div>\n\t\t\t\t\t<\/div>\n\t\t<\/section>\n\t\t\t\t<section class=\"elementor-section elementor-top-section elementor-element elementor-element-a2e588d elementor-section-boxed elementor-section-height-default elementor-section-height-default row-top\" data-id=\"a2e588d\" data-element_type=\"section\" data-e-type=\"section\">\n\t\t\t\t\t\t<div class=\"elementor-container elementor-column-gap-default\">\n\t\t\t\t\t<div class=\"elementor-column elementor-col-100 elementor-top-column elementor-element elementor-element-e36a5ac column-style-top\" data-id=\"e36a5ac\" data-element_type=\"column\" data-e-type=\"column\">\n\t\t\t<div class=\"elementor-widget-wrap elementor-element-populated\">\n\t\t\t\t\t\t<div class=\"elementor-element elementor-element-b7ed87f elementor-widget elementor-widget-text-editor\" data-id=\"b7ed87f\" data-element_type=\"widget\" data-e-type=\"widget\" data-widget_type=\"text-editor.default\">\n\t\t\t\t<div class=\"elementor-widget-container\">\n\t\t\t\t\t\t\t\t\t<p>The AZUL - Ericeira Mag '24 Awards took place on Friday 19th April at the Ribeira D'Ilhas Surf Restaurant &amp; Bar.<\/p><p>This was not only an evening to celebrate the Ericeira and Mafra region, but also one of meetings, conviviality, music, humour and emotions.<\/p><blockquote><p><em>the first of what is intended to be an annual gala celebrating and recognising the Best of Ericeira and the rest of the Municipality of Mafra<\/em><\/p><\/blockquote><p>The list of winners of this inaugural edition of the AZUL Awards - Ericeira Mag was as follows:<\/p><p><em><strong>Personalities<\/strong><\/em><\/p><p><strong>Jagoza Identity<\/strong>\u00a0- Sandra Teixeira aka 'Sandra Preta' | Posthumous Prize for Rui Ars\u00e9nio<\/p><p><strong>International Community\u00a0<\/strong>- Ericeira International Community Meetup<strong><br \/><\/strong><\/p><p><strong>Sports\u00a0<\/strong>- Martim Oliveira<strong><br \/><\/strong><\/p><p><strong>Surf\u00a0<\/strong>- Martim Fortes<strong><br \/><\/strong><\/p><p><strong>Bodyboarding\u00a0<\/strong>- Filipa Broeiro | Posthumous Award to Fernando Cordeiro aka 'Nani'<strong><br \/><\/strong><\/p><p><strong>Music\u00a0<\/strong>- Manuel Rocha<\/p><p><strong>Fine Arts\u00a0<\/strong>- Nark (Hugo Pinh\u00e3o)<strong><br \/><\/strong><\/p><p><strong>Photography\u00a0<\/strong>- C\u00e1tia Alpedrinha<\/p><p><strong>Cultural Promotion<\/strong>\u00a0- Institute of European and Atlantic Culture<\/p><p><strong>Best Local Shop\u00a0<\/strong>- Nat\u00e1lia Juli\u00e3o<\/p><p><strong>Best Restaurant<\/strong>\u00a0- Emme<strong><br \/><\/strong><\/p><p><strong>Best Accommodation<\/strong>\u00a0- Aethos<\/p><p><strong>Business Excellence -\u00a0<\/strong>PMPR<\/p><p><strong>Innovation and Technology\u00a0<\/strong>- Floral Dawn<\/p><p><strong>Sustainability\u00a0<\/strong>- Tomra<\/p><p>For the final stretch of the Gala were the two Special Awards, presented to the Mafra City Council - for the <a href=\"https:\/\/www.ericeiramag.pt\/ericeira-best-tourism-village-2023-heranca-um-passado-olhos-postos-no-futuro\/\" target=\"_blank\" rel=\"noopener noreferrer\">Ericeira Best Tourism Village 2023 award<\/a> - and AZUL - Ericeira Mag itself, for its recent recognition as the\u00a0<a href=\"https:\/\/www.ericeiramag.pt\/azul-ericeira-mag-recebe-premio-internacional\/\" target=\"_blank\" rel=\"noopener noreferrer\">Best Digital Bilingual Culture Magazine at the Travel &amp; Tourism Awards 2024<\/a>.<\/p>\t\t\t\t\t\t\t\t<\/div>\n\t\t\t\t<\/div>\n\t\t\t\t\t<\/div>\n\t\t<\/div>\n\t\t\t\t\t<\/div>\n\t\t<\/section>\n\t\t\t\t<section class=\"elementor-section elementor-top-section elementor-element elementor-element-72be5d2 elementor-section-boxed elementor-section-height-default elementor-section-height-default row-top\" data-id=\"72be5d2\" data-element_type=\"section\" data-e-type=\"section\">\n\t\t\t\t\t\t<div class=\"elementor-container elementor-column-gap-default\">\n\t\t\t\t\t<div class=\"elementor-column elementor-col-50 elementor-top-column elementor-element elementor-element-a172387 column-style-top\" data-id=\"a172387\" data-element_type=\"column\" data-e-type=\"column\">\n\t\t\t<div class=\"elementor-widget-wrap elementor-element-populated\">\n\t\t\t\t\t\t<div class=\"elementor-element elementor-element-b53ead6 elementor-widget elementor-widget-button\" data-id=\"b53ead6\" data-element_type=\"widget\" data-e-type=\"widget\" data-widget_type=\"button.default\">\n\t\t\t\t<div class=\"elementor-widget-container\">\n\t\t\t\t\t\t\t\t\t<div class=\"elementor-button-wrapper\">\n\t\t\t\t\t<a class=\"elementor-button elementor-button-link elementor-size-sm\" href=\"https:\/\/www.ericeiramag.pt\/os-premios-azul-ericeira-mag-24-foram-entregues-em-clima-de-festa\/\">\n\t\t\t\t\t\t<span class=\"elementor-button-content-wrapper\">\n\t\t\t\t\t\t\t\t\t<span class=\"elementor-button-text\">Source<\/span>\n\t\t\t\t\t<\/span>\n\t\t\t\t\t<\/a>\n\t\t\t\t<\/div>\n\t\t\t\t\t\t\t\t<\/div>\n\t\t\t\t<\/div>\n\t\t\t\t\t<\/div>\n\t\t<\/div>\n\t\t\t\t<div class=\"elementor-column elementor-col-50 elementor-top-column elementor-element elementor-element-2d44f21 column-style-top\" data-id=\"2d44f21\" data-element_type=\"column\" data-e-type=\"column\">\n\t\t\t<div class=\"elementor-widget-wrap elementor-element-populated\">\n\t\t\t\t\t\t<div class=\"elementor-element elementor-element-e0594b4 elementor-widget elementor-widget-text-editor\" data-id=\"e0594b4\" data-element_type=\"widget\" data-e-type=\"widget\" data-widget_type=\"text-editor.default\">\n\t\t\t\t<div class=\"elementor-widget-container\">\n\t\t\t\t\t\t\t\t\t<p><em>*Refer to Ericeira Market<\/em><\/p>\t\t\t\t\t\t\t\t<\/div>\n\t\t\t\t<\/div>\n\t\t\t\t\t<\/div>\n\t\t<\/div>\n\t\t\t\t\t<\/div>\n\t\t<\/section>\n\t\t\t\t<section class=\"elementor-section elementor-top-section elementor-element elementor-element-6f8df81 elementor-section-boxed elementor-section-height-default elementor-section-height-default row-top\" data-id=\"6f8df81\" data-element_type=\"section\" data-e-type=\"section\">\n\t\t\t\t\t\t<div class=\"elementor-container elementor-column-gap-default\">\n\t\t\t\t\t<div class=\"elementor-column elementor-col-100 elementor-top-column elementor-element elementor-element-0e58504 column-style-top\" data-id=\"0e58504\" data-element_type=\"column\" data-e-type=\"column\">\n\t\t\t<div class=\"elementor-widget-wrap elementor-element-populated\">\n\t\t\t\t\t\t<div class=\"elementor-element elementor-element-bda450a elementor-widget-divider--view-line elementor-widget elementor-widget-divider\" data-id=\"bda450a\" data-element_type=\"widget\" data-e-type=\"widget\" data-widget_type=\"divider.default\">\n\t\t\t\t<div class=\"elementor-widget-container\">\n\t\t\t\t\t\t\t<div class=\"elementor-divider\">\n\t\t\t<span class=\"elementor-divider-separator\">\n\t\t\t\t\t\t<\/span>\n\t\t<\/div>\n\t\t\t\t\t\t<\/div>\n\t\t\t\t<\/div>\n\t\t\t\t<div class=\"elementor-element elementor-element-c9023ae elementor-position-inline-start elementor-view-default elementor-mobile-position-block-start elementor-widget elementor-widget-icon-box\" data-id=\"c9023ae\" data-element_type=\"widget\" data-e-type=\"widget\" data-widget_type=\"icon-box.default\">\n\t\t\t\t<div class=\"elementor-widget-container\">\n\t\t\t\t\t\t\t<div class=\"elementor-icon-box-wrapper\">\n\n\t\t\t\t\t\t<div class=\"elementor-icon-box-icon\">\n\t\t\t\t<a href=\"https:\/\/ericeiramarket.pt\/en\/empresas\/azul-ericeira-mag\/\" class=\"elementor-icon\" tabindex=\"-1\" aria-label=\"Click Here\">\n\t\t\t\t<i aria-hidden=\"true\" class=\"fi flaticon-shop\"><\/i>\t\t\t\t<\/a>\n\t\t\t<\/div>\n\t\t\t\n\t\t\t\t\t\t<div class=\"elementor-icon-box-content\">\n\n\t\t\t\t\t\t\t\t\t<h3 class=\"elementor-icon-box-title\">\n\t\t\t\t\t\t<a href=\"https:\/\/ericeiramarket.pt\/en\/empresas\/azul-ericeira-mag\/\" >\n\t\t\t\t\t\t\tClick Here\t\t\t\t\t\t<\/a>\n\t\t\t\t\t<\/h3>\n\t\t\t\t\n\t\t\t\t\t\t\t\t\t<p class=\"elementor-icon-box-description\">\n\t\t\t\t\t\tfor more information\t\t\t\t\t<\/p>\n\t\t\t\t\n\t\t\t<\/div>\n\t\t\t\n\t\t<\/div>\n\t\t\t\t\t\t<\/div>\n\t\t\t\t<\/div>\n\t\t\t\t\t<\/div>\n\t\t<\/div>\n\t\t\t\t\t<\/div>\n\t\t<\/section>\n\t\t\t\t<\/div>","protected":false},"excerpt":{"rendered":"<p>Decorreu Sexta-feira, dia 19 de Abril, a entrega dos Pr\u00e9mios AZUL \u2013 Ericeira Mag \u201924 no Ribeira D\u2019Ilhas Surf Restaurant &amp; Bar. Este foi n\u00e3o apenas um ser\u00e3o de celebra\u00e7\u00e3o [&hellip;]<\/p>\n","protected":false},"author":3,"featured_media":22128,"comment_status":"closed","ping_status":"closed","sticky":false,"template":"","format":"standard","meta":{"footnotes":""},"categories":[181],"tags":[],"class_list":["post-22126","post","type-post","status-publish","format-standard","has-post-thumbnail","hentry","category-noticias"],"yoast_head":"<!-- This site is optimized with the Yoast SEO plugin v27.5 - https:\/\/yoast.com\/product\/yoast-seo-wordpress\/ -->\n<title>\ud83c\udfc6OS PR\u00c9MIOS AZUL \u2013 ERICEIRA MAG \u201924 FORAM ENTREGUES EM CLIMA DE FESTA\ud83e\udd73 - Ericeira Market<\/title>\n<meta name=\"robots\" content=\"index, follow, max-snippet:-1, max-image-preview:large, max-video-preview:-1\" \/>\n<link rel=\"canonical\" href=\"https:\/\/ericeiramarket.pt\/en\/noticias\/\ud83c\udfc6os-premios-azul-ericeira-mag-24-foram-entregues-em-clima-de-festa\ud83e\udd73\/\" \/>\n<meta property=\"og:locale\" content=\"en_GB\" \/>\n<meta property=\"og:type\" content=\"article\" \/>\n<meta property=\"og:title\" content=\"\ud83c\udfc6OS PR\u00c9MIOS AZUL \u2013 ERICEIRA MAG \u201924 FORAM ENTREGUES EM CLIMA DE FESTA\ud83e\udd73 - Ericeira Market\" \/>\n<meta property=\"og:description\" content=\"Decorreu Sexta-feira, dia 19 de Abril, a entrega dos Pr\u00e9mios AZUL \u2013 Ericeira Mag \u201924 no Ribeira D\u2019Ilhas Surf Restaurant &amp; Bar. Este foi n\u00e3o apenas um ser\u00e3o de celebra\u00e7\u00e3o [&hellip;]\" \/>\n<meta property=\"og:url\" content=\"https:\/\/ericeiramarket.pt\/en\/noticias\/\ud83c\udfc6os-premios-azul-ericeira-mag-24-foram-entregues-em-clima-de-festa\ud83e\udd73\/\" \/>\n<meta property=\"og:site_name\" content=\"Ericeira Market\" \/>\n<meta property=\"article:publisher\" content=\"https:\/\/www.facebook.com\/EriceiraMarket\/\" \/>\n<meta property=\"article:published_time\" content=\"2024-04-22T10:58:01+00:00\" \/>\n<meta property=\"article:modified_time\" content=\"2024-04-22T10:58:56+00:00\" \/>\n<meta property=\"og:image\" content=\"https:\/\/ericeiramarket.pt\/wp-content\/uploads\/2024\/04\/Noticia-EM-30.png\" \/>\n\t<meta property=\"og:image:width\" content=\"800\" \/>\n\t<meta property=\"og:image:height\" content=\"670\" \/>\n\t<meta property=\"og:image:type\" content=\"image\/png\" \/>\n<meta name=\"author\" content=\"Ericeira Market\" \/>\n<meta name=\"twitter:card\" content=\"summary_large_image\" \/>\n<meta name=\"twitter:label1\" content=\"Written by\" \/>\n\t<meta name=\"twitter:data1\" content=\"Ericeira Market\" \/>\n\t<meta name=\"twitter:label2\" content=\"Estimated reading time\" \/>\n\t<meta name=\"twitter:data2\" content=\"1 minute\" \/>\n<script type=\"application\/ld+json\" class=\"yoast-schema-graph\">{\"@context\":\"https:\\\/\\\/schema.org\",\"@graph\":[{\"@type\":\"Article\",\"@id\":\"https:\\\/\\\/ericeiramarket.pt\\\/noticias\\\/%f0%9f%8f%86os-premios-azul-ericeira-mag-24-foram-entregues-em-clima-de-festa%f0%9f%a5%b3\\\/#article\",\"isPartOf\":{\"@id\":\"https:\\\/\\\/ericeiramarket.pt\\\/noticias\\\/%f0%9f%8f%86os-premios-azul-ericeira-mag-24-foram-entregues-em-clima-de-festa%f0%9f%a5%b3\\\/\"},\"author\":{\"name\":\"Ericeira Market\",\"@id\":\"https:\\\/\\\/ericeiramarket.pt\\\/#\\\/schema\\\/person\\\/45f83fe4e155ef8432cc0a7cd887d434\"},\"headline\":\"\ud83c\udfc6OS PR\u00c9MIOS AZUL \u2013 ERICEIRA MAG \u201924 FORAM ENTREGUES EM CLIMA DE FESTA\ud83e\udd73\",\"datePublished\":\"2024-04-22T10:58:01+00:00\",\"dateModified\":\"2024-04-22T10:58:56+00:00\",\"mainEntityOfPage\":{\"@id\":\"https:\\\/\\\/ericeiramarket.pt\\\/noticias\\\/%f0%9f%8f%86os-premios-azul-ericeira-mag-24-foram-entregues-em-clima-de-festa%f0%9f%a5%b3\\\/\"},\"wordCount\":264,\"publisher\":{\"@id\":\"https:\\\/\\\/ericeiramarket.pt\\\/#organization\"},\"image\":{\"@id\":\"https:\\\/\\\/ericeiramarket.pt\\\/noticias\\\/%f0%9f%8f%86os-premios-azul-ericeira-mag-24-foram-entregues-em-clima-de-festa%f0%9f%a5%b3\\\/#primaryimage\"},\"thumbnailUrl\":\"https:\\\/\\\/ericeiramarket.pt\\\/wp-content\\\/uploads\\\/2024\\\/04\\\/Noticia-EM-30.png\",\"articleSection\":[\"Not\u00edcias\"],\"inLanguage\":\"en-GB\"},{\"@type\":\"WebPage\",\"@id\":\"https:\\\/\\\/ericeiramarket.pt\\\/noticias\\\/%f0%9f%8f%86os-premios-azul-ericeira-mag-24-foram-entregues-em-clima-de-festa%f0%9f%a5%b3\\\/\",\"url\":\"https:\\\/\\\/ericeiramarket.pt\\\/noticias\\\/%f0%9f%8f%86os-premios-azul-ericeira-mag-24-foram-entregues-em-clima-de-festa%f0%9f%a5%b3\\\/\",\"name\":\"\ud83c\udfc6OS PR\u00c9MIOS AZUL \u2013 ERICEIRA MAG \u201924 FORAM ENTREGUES EM CLIMA DE FESTA\ud83e\udd73 - Ericeira Market\",\"isPartOf\":{\"@id\":\"https:\\\/\\\/ericeiramarket.pt\\\/#website\"},\"primaryImageOfPage\":{\"@id\":\"https:\\\/\\\/ericeiramarket.pt\\\/noticias\\\/%f0%9f%8f%86os-premios-azul-ericeira-mag-24-foram-entregues-em-clima-de-festa%f0%9f%a5%b3\\\/#primaryimage\"},\"image\":{\"@id\":\"https:\\\/\\\/ericeiramarket.pt\\\/noticias\\\/%f0%9f%8f%86os-premios-azul-ericeira-mag-24-foram-entregues-em-clima-de-festa%f0%9f%a5%b3\\\/#primaryimage\"},\"thumbnailUrl\":\"https:\\\/\\\/ericeiramarket.pt\\\/wp-content\\\/uploads\\\/2024\\\/04\\\/Noticia-EM-30.png\",\"datePublished\":\"2024-04-22T10:58:01+00:00\",\"dateModified\":\"2024-04-22T10:58:56+00:00\",\"breadcrumb\":{\"@id\":\"https:\\\/\\\/ericeiramarket.pt\\\/noticias\\\/%f0%9f%8f%86os-premios-azul-ericeira-mag-24-foram-entregues-em-clima-de-festa%f0%9f%a5%b3\\\/#breadcrumb\"},\"inLanguage\":\"en-GB\",\"potentialAction\":[{\"@type\":\"ReadAction\",\"target\":[\"https:\\\/\\\/ericeiramarket.pt\\\/noticias\\\/%f0%9f%8f%86os-premios-azul-ericeira-mag-24-foram-entregues-em-clima-de-festa%f0%9f%a5%b3\\\/\"]}]},{\"@type\":\"ImageObject\",\"inLanguage\":\"en-GB\",\"@id\":\"https:\\\/\\\/ericeiramarket.pt\\\/noticias\\\/%f0%9f%8f%86os-premios-azul-ericeira-mag-24-foram-entregues-em-clima-de-festa%f0%9f%a5%b3\\\/#primaryimage\",\"url\":\"https:\\\/\\\/ericeiramarket.pt\\\/wp-content\\\/uploads\\\/2024\\\/04\\\/Noticia-EM-30.png\",\"contentUrl\":\"https:\\\/\\\/ericeiramarket.pt\\\/wp-content\\\/uploads\\\/2024\\\/04\\\/Noticia-EM-30.png\",\"width\":800,\"height\":670},{\"@type\":\"BreadcrumbList\",\"@id\":\"https:\\\/\\\/ericeiramarket.pt\\\/noticias\\\/%f0%9f%8f%86os-premios-azul-ericeira-mag-24-foram-entregues-em-clima-de-festa%f0%9f%a5%b3\\\/#breadcrumb\",\"itemListElement\":[{\"@type\":\"ListItem\",\"position\":1,\"name\":\"Home\",\"item\":\"https:\\\/\\\/ericeiramarket.pt\\\/\"},{\"@type\":\"ListItem\",\"position\":2,\"name\":\"\ud83c\udfc6OS PR\u00c9MIOS AZUL \u2013 ERICEIRA MAG \u201924 FORAM ENTREGUES EM CLIMA DE FESTA\ud83e\udd73\"}]},{\"@type\":\"WebSite\",\"@id\":\"https:\\\/\\\/ericeiramarket.pt\\\/#website\",\"url\":\"https:\\\/\\\/ericeiramarket.pt\\\/\",\"name\":\"Ericeira Market\",\"description\":\"O melhor da Ericeira est\u00e1 aqui!\",\"publisher\":{\"@id\":\"https:\\\/\\\/ericeiramarket.pt\\\/#organization\"},\"potentialAction\":[{\"@type\":\"SearchAction\",\"target\":{\"@type\":\"EntryPoint\",\"urlTemplate\":\"https:\\\/\\\/ericeiramarket.pt\\\/?s={search_term_string}\"},\"query-input\":{\"@type\":\"PropertyValueSpecification\",\"valueRequired\":true,\"valueName\":\"search_term_string\"}}],\"inLanguage\":\"en-GB\"},{\"@type\":\"Organization\",\"@id\":\"https:\\\/\\\/ericeiramarket.pt\\\/#organization\",\"name\":\"Ericeira Market - A Ericeira cabe toda aqui\",\"url\":\"https:\\\/\\\/ericeiramarket.pt\\\/\",\"logo\":{\"@type\":\"ImageObject\",\"inLanguage\":\"en-GB\",\"@id\":\"https:\\\/\\\/ericeiramarket.pt\\\/#\\\/schema\\\/logo\\\/image\\\/\",\"url\":\"https:\\\/\\\/ericeiramarket.pt\\\/wp-content\\\/uploads\\\/2020\\\/09\\\/Asset-4ericeira-market-logos-seo.png\",\"contentUrl\":\"https:\\\/\\\/ericeiramarket.pt\\\/wp-content\\\/uploads\\\/2020\\\/09\\\/Asset-4ericeira-market-logos-seo.png\",\"width\":557,\"height\":566,\"caption\":\"Ericeira Market - A Ericeira cabe toda aqui\"},\"image\":{\"@id\":\"https:\\\/\\\/ericeiramarket.pt\\\/#\\\/schema\\\/logo\\\/image\\\/\"},\"sameAs\":[\"https:\\\/\\\/www.facebook.com\\\/EriceiraMarket\\\/\"]},{\"@type\":\"Person\",\"@id\":\"https:\\\/\\\/ericeiramarket.pt\\\/#\\\/schema\\\/person\\\/45f83fe4e155ef8432cc0a7cd887d434\",\"name\":\"Ericeira Market\",\"image\":{\"@type\":\"ImageObject\",\"inLanguage\":\"en-GB\",\"@id\":\"https:\\\/\\\/secure.gravatar.com\\\/avatar\\\/9220d95db6f21919243b9fd0ceb02dfa09b7e0834d889bdffb23d885f2348fb3?s=96&d=mm&r=g\",\"url\":\"https:\\\/\\\/secure.gravatar.com\\\/avatar\\\/9220d95db6f21919243b9fd0ceb02dfa09b7e0834d889bdffb23d885f2348fb3?s=96&d=mm&r=g\",\"contentUrl\":\"https:\\\/\\\/secure.gravatar.com\\\/avatar\\\/9220d95db6f21919243b9fd0ceb02dfa09b7e0834d889bdffb23d885f2348fb3?s=96&d=mm&r=g\",\"caption\":\"Ericeira Market\"},\"url\":\"https:\\\/\\\/ericeiramarket.pt\\\/en\\\/author\\\/mafaldajustino\\\/\"}]}<\/script>\n<!-- \/ Yoast SEO plugin. -->","yoast_head_json":{"title":"\ud83c\udfc6 THE BLUE AWARDS - ERICEIRA MAG '24 WERE DELIVERED IN A FESTIVE CLIMB\ud83e\udd73 - Ericeira Market","robots":{"index":"index","follow":"follow","max-snippet":"max-snippet:-1","max-image-preview":"max-image-preview:large","max-video-preview":"max-video-preview:-1"},"canonical":"https:\/\/ericeiramarket.pt\/en\/noticias\/\ud83c\udfc6os-premios-azul-ericeira-mag-24-foram-entregues-em-clima-de-festa\ud83e\udd73\/","og_locale":"en_GB","og_type":"article","og_title":"\ud83c\udfc6OS PR\u00c9MIOS AZUL \u2013 ERICEIRA MAG \u201924 FORAM ENTREGUES EM CLIMA DE FESTA\ud83e\udd73 - Ericeira Market","og_description":"Decorreu Sexta-feira, dia 19 de Abril, a entrega dos Pr\u00e9mios AZUL \u2013 Ericeira Mag \u201924 no Ribeira D\u2019Ilhas Surf Restaurant &amp; Bar. Este foi n\u00e3o apenas um ser\u00e3o de celebra\u00e7\u00e3o [&hellip;]","og_url":"https:\/\/ericeiramarket.pt\/en\/noticias\/\ud83c\udfc6os-premios-azul-ericeira-mag-24-foram-entregues-em-clima-de-festa\ud83e\udd73\/","og_site_name":"Ericeira Market","article_publisher":"https:\/\/www.facebook.com\/EriceiraMarket\/","article_published_time":"2024-04-22T10:58:01+00:00","article_modified_time":"2024-04-22T10:58:56+00:00","og_image":[{"width":800,"height":670,"url":"https:\/\/ericeiramarket.pt\/wp-content\/uploads\/2024\/04\/Noticia-EM-30.png","type":"image\/png"}],"author":"Ericeira Market","twitter_card":"summary_large_image","twitter_misc":{"Written by":"Ericeira Market","Estimated reading time":"1 minute"},"schema":{"@context":"https:\/\/schema.org","@graph":[{"@type":"Article","@id":"https:\/\/ericeiramarket.pt\/noticias\/%f0%9f%8f%86os-premios-azul-ericeira-mag-24-foram-entregues-em-clima-de-festa%f0%9f%a5%b3\/#article","isPartOf":{"@id":"https:\/\/ericeiramarket.pt\/noticias\/%f0%9f%8f%86os-premios-azul-ericeira-mag-24-foram-entregues-em-clima-de-festa%f0%9f%a5%b3\/"},"author":{"name":"Ericeira Market","@id":"https:\/\/ericeiramarket.pt\/#\/schema\/person\/45f83fe4e155ef8432cc0a7cd887d434"},"headline":"\ud83c\udfc6OS PR\u00c9MIOS AZUL \u2013 ERICEIRA MAG \u201924 FORAM ENTREGUES EM CLIMA DE FESTA\ud83e\udd73","datePublished":"2024-04-22T10:58:01+00:00","dateModified":"2024-04-22T10:58:56+00:00","mainEntityOfPage":{"@id":"https:\/\/ericeiramarket.pt\/noticias\/%f0%9f%8f%86os-premios-azul-ericeira-mag-24-foram-entregues-em-clima-de-festa%f0%9f%a5%b3\/"},"wordCount":264,"publisher":{"@id":"https:\/\/ericeiramarket.pt\/#organization"},"image":{"@id":"https:\/\/ericeiramarket.pt\/noticias\/%f0%9f%8f%86os-premios-azul-ericeira-mag-24-foram-entregues-em-clima-de-festa%f0%9f%a5%b3\/#primaryimage"},"thumbnailUrl":"https:\/\/ericeiramarket.pt\/wp-content\/uploads\/2024\/04\/Noticia-EM-30.png","articleSection":["Not\u00edcias"],"inLanguage":"en-GB"},{"@type":"WebPage","@id":"https:\/\/ericeiramarket.pt\/noticias\/%f0%9f%8f%86os-premios-azul-ericeira-mag-24-foram-entregues-em-clima-de-festa%f0%9f%a5%b3\/","url":"https:\/\/ericeiramarket.pt\/noticias\/%f0%9f%8f%86os-premios-azul-ericeira-mag-24-foram-entregues-em-clima-de-festa%f0%9f%a5%b3\/","name":"\ud83c\udfc6 THE BLUE AWARDS - ERICEIRA MAG '24 WERE DELIVERED IN A FESTIVE CLIMB\ud83e\udd73 - Ericeira Market","isPartOf":{"@id":"https:\/\/ericeiramarket.pt\/#website"},"primaryImageOfPage":{"@id":"https:\/\/ericeiramarket.pt\/noticias\/%f0%9f%8f%86os-premios-azul-ericeira-mag-24-foram-entregues-em-clima-de-festa%f0%9f%a5%b3\/#primaryimage"},"image":{"@id":"https:\/\/ericeiramarket.pt\/noticias\/%f0%9f%8f%86os-premios-azul-ericeira-mag-24-foram-entregues-em-clima-de-festa%f0%9f%a5%b3\/#primaryimage"},"thumbnailUrl":"https:\/\/ericeiramarket.pt\/wp-content\/uploads\/2024\/04\/Noticia-EM-30.png","datePublished":"2024-04-22T10:58:01+00:00","dateModified":"2024-04-22T10:58:56+00:00","breadcrumb":{"@id":"https:\/\/ericeiramarket.pt\/noticias\/%f0%9f%8f%86os-premios-azul-ericeira-mag-24-foram-entregues-em-clima-de-festa%f0%9f%a5%b3\/#breadcrumb"},"inLanguage":"en-GB","potentialAction":[{"@type":"ReadAction","target":["https:\/\/ericeiramarket.pt\/noticias\/%f0%9f%8f%86os-premios-azul-ericeira-mag-24-foram-entregues-em-clima-de-festa%f0%9f%a5%b3\/"]}]},{"@type":"ImageObject","inLanguage":"en-GB","@id":"https:\/\/ericeiramarket.pt\/noticias\/%f0%9f%8f%86os-premios-azul-ericeira-mag-24-foram-entregues-em-clima-de-festa%f0%9f%a5%b3\/#primaryimage","url":"https:\/\/ericeiramarket.pt\/wp-content\/uploads\/2024\/04\/Noticia-EM-30.png","contentUrl":"https:\/\/ericeiramarket.pt\/wp-content\/uploads\/2024\/04\/Noticia-EM-30.png","width":800,"height":670},{"@type":"BreadcrumbList","@id":"https:\/\/ericeiramarket.pt\/noticias\/%f0%9f%8f%86os-premios-azul-ericeira-mag-24-foram-entregues-em-clima-de-festa%f0%9f%a5%b3\/#breadcrumb","itemListElement":[{"@type":"ListItem","position":1,"name":"Home","item":"https:\/\/ericeiramarket.pt\/"},{"@type":"ListItem","position":2,"name":"\ud83c\udfc6OS PR\u00c9MIOS AZUL \u2013 ERICEIRA MAG \u201924 FORAM ENTREGUES EM CLIMA DE FESTA\ud83e\udd73"}]},{"@type":"WebSite","@id":"https:\/\/ericeiramarket.pt\/#website","url":"https:\/\/ericeiramarket.pt\/","name":"Ericeira Market","description":"The best of Ericeira is here!","publisher":{"@id":"https:\/\/ericeiramarket.pt\/#organization"},"potentialAction":[{"@type":"SearchAction","target":{"@type":"EntryPoint","urlTemplate":"https:\/\/ericeiramarket.pt\/?s={search_term_string}"},"query-input":{"@type":"PropertyValueSpecification","valueRequired":true,"valueName":"search_term_string"}}],"inLanguage":"en-GB"},{"@type":"Organization","@id":"https:\/\/ericeiramarket.pt\/#organization","name":"Ericeira Market - Ericeira fits in here","url":"https:\/\/ericeiramarket.pt\/","logo":{"@type":"ImageObject","inLanguage":"en-GB","@id":"https:\/\/ericeiramarket.pt\/#\/schema\/logo\/image\/","url":"https:\/\/ericeiramarket.pt\/wp-content\/uploads\/2020\/09\/Asset-4ericeira-market-logos-seo.png","contentUrl":"https:\/\/ericeiramarket.pt\/wp-content\/uploads\/2020\/09\/Asset-4ericeira-market-logos-seo.png","width":557,"height":566,"caption":"Ericeira Market - A Ericeira cabe toda aqui"},"image":{"@id":"https:\/\/ericeiramarket.pt\/#\/schema\/logo\/image\/"},"sameAs":["https:\/\/www.facebook.com\/EriceiraMarket\/"]},{"@type":"Person","@id":"https:\/\/ericeiramarket.pt\/#\/schema\/person\/45f83fe4e155ef8432cc0a7cd887d434","name":"Ericeira Market","image":{"@type":"ImageObject","inLanguage":"en-GB","@id":"https:\/\/secure.gravatar.com\/avatar\/9220d95db6f21919243b9fd0ceb02dfa09b7e0834d889bdffb23d885f2348fb3?s=96&d=mm&r=g","url":"https:\/\/secure.gravatar.com\/avatar\/9220d95db6f21919243b9fd0ceb02dfa09b7e0834d889bdffb23d885f2348fb3?s=96&d=mm&r=g","contentUrl":"https:\/\/secure.gravatar.com\/avatar\/9220d95db6f21919243b9fd0ceb02dfa09b7e0834d889bdffb23d885f2348fb3?s=96&d=mm&r=g","caption":"Ericeira Market"},"url":"https:\/\/ericeiramarket.pt\/en\/author\/mafaldajustino\/"}]}},"_links":{"self":[{"href":"https:\/\/ericeiramarket.pt\/en\/wp-json\/wp\/v2\/posts\/22126","targetHints":{"allow":["GET"]}}],"collection":[{"href":"https:\/\/ericeiramarket.pt\/en\/wp-json\/wp\/v2\/posts"}],"about":[{"href":"https:\/\/ericeiramarket.pt\/en\/wp-json\/wp\/v2\/types\/post"}],"author":[{"embeddable":true,"href":"https:\/\/ericeiramarket.pt\/en\/wp-json\/wp\/v2\/users\/3"}],"replies":[{"embeddable":true,"href":"https:\/\/ericeiramarket.pt\/en\/wp-json\/wp\/v2\/comments?post=22126"}],"version-history":[{"count":0,"href":"https:\/\/ericeiramarket.pt\/en\/wp-json\/wp\/v2\/posts\/22126\/revisions"}],"wp:featuredmedia":[{"embeddable":true,"href":"https:\/\/ericeiramarket.pt\/en\/wp-json\/wp\/v2\/media\/22128"}],"wp:attachment":[{"href":"https:\/\/ericeiramarket.pt\/en\/wp-json\/wp\/v2\/media?parent=22126"}],"wp:term":[{"taxonomy":"category","embeddable":true,"href":"https:\/\/ericeiramarket.pt\/en\/wp-json\/wp\/v2\/categories?post=22126"},{"taxonomy":"post_tag","embeddable":true,"href":"https:\/\/ericeiramarket.pt\/en\/wp-json\/wp\/v2\/tags?post=22126"}],"curies":[{"name":"wp","href":"https:\/\/api.w.org\/{rel}","templated":true}]}}