{"id":19106,"date":"2024-01-17T10:46:03","date_gmt":"2024-01-17T10:46:03","guid":{"rendered":"https:\/\/ericeiramarket.pt\/?p=19106"},"modified":"2024-01-17T10:49:02","modified_gmt":"2024-01-17T10:49:02","slug":"arquivo-museu-da-misericordia-da-ericeira","status":"publish","type":"post","link":"https:\/\/ericeiramarket.pt\/en\/noticias\/arquivo-museu-da-misericordia-da-ericeira\/","title":{"rendered":"Miseric\u00f3rdia da Ericeira Archive-Museum"},"content":{"rendered":"<div data-elementor-type=\"wp-post\" data-elementor-id=\"19106\" class=\"elementor elementor-19106\">\n\t\t\t\t\t\t<section class=\"elementor-section elementor-top-section elementor-element elementor-element-072975c elementor-section-boxed elementor-section-height-default elementor-section-height-default row-top\" data-id=\"072975c\" data-element_type=\"section\" data-e-type=\"section\">\n\t\t\t\t\t\t<div class=\"elementor-container elementor-column-gap-default\">\n\t\t\t\t\t<div class=\"elementor-column elementor-col-100 elementor-top-column elementor-element elementor-element-1c963fd column-style-top\" data-id=\"1c963fd\" data-element_type=\"column\" data-e-type=\"column\">\n\t\t\t<div class=\"elementor-widget-wrap elementor-element-populated\">\n\t\t\t\t\t\t<div class=\"elementor-element elementor-element-c3dc79f elementor-widget-divider--view-line elementor-widget elementor-widget-divider\" data-id=\"c3dc79f\" data-element_type=\"widget\" data-e-type=\"widget\" data-widget_type=\"divider.default\">\n\t\t\t\t<div class=\"elementor-widget-container\">\n\t\t\t\t\t\t\t<div class=\"elementor-divider\">\n\t\t\t<span class=\"elementor-divider-separator\">\n\t\t\t\t\t\t<\/span>\n\t\t<\/div>\n\t\t\t\t\t\t<\/div>\n\t\t\t\t<\/div>\n\t\t\t\t\t<\/div>\n\t\t<\/div>\n\t\t\t\t\t<\/div>\n\t\t<\/section>\n\t\t\t\t<section class=\"elementor-section elementor-top-section elementor-element elementor-element-a2e588d elementor-section-boxed elementor-section-height-default elementor-section-height-default row-top\" data-id=\"a2e588d\" data-element_type=\"section\" data-e-type=\"section\">\n\t\t\t\t\t\t<div class=\"elementor-container elementor-column-gap-default\">\n\t\t\t\t\t<div class=\"elementor-column elementor-col-50 elementor-top-column elementor-element elementor-element-e36a5ac column-style-top\" data-id=\"e36a5ac\" data-element_type=\"column\" data-e-type=\"column\">\n\t\t\t<div class=\"elementor-widget-wrap elementor-element-populated\">\n\t\t\t\t\t\t<div class=\"elementor-element elementor-element-b7ed87f elementor-widget elementor-widget-text-editor\" data-id=\"b7ed87f\" data-element_type=\"widget\" data-e-type=\"widget\" data-widget_type=\"text-editor.default\">\n\t\t\t\t<div class=\"elementor-widget-container\">\n\t\t\t\t\t\t\t\t\t<p>The Archive-Museum of the Holy House of Mercy of Ericeira, which also includes the Church of Mercy, is housed in the former premises of the Brotherhood of Our Lady of the Rosary, formerly the hostel and hospital adjacent to the temple.<\/p><p>Founded on 1 June 1937, it is currently Ericeira's main museum, guardian of a valuable collection of the town's memory. One of its ex-libris is the nine 17th-century canvases alluding to the Passion of Christ cycle, which went through the streets of Ericeira in the Procession of the Bonfires on the 5th Friday before Easter.<\/p><p>The collection also includes an ivory and wood sculpture of Our Lady in Majesty, also from the 17th century, of Indo-Portuguese origin; the engravings collection, which includes Spanish works from the second half of the 18th century depicting the Corporal Works of Mercy; and the charter that King Manuel granted to the town of Jagoz in 1513.<\/p><p>The Archive-Museum also houses a significant collection of ethnographic memorabilia representing the local community's relationship with the sea, which has always contributed to the construction of their identity.<\/p>\t\t\t\t\t\t\t\t<\/div>\n\t\t\t\t<\/div>\n\t\t\t\t\t<\/div>\n\t\t<\/div>\n\t\t\t\t<div class=\"elementor-column elementor-col-50 elementor-top-column elementor-element elementor-element-2d44f21 column-style-top\" data-id=\"2d44f21\" data-element_type=\"column\" data-e-type=\"column\">\n\t\t\t<div class=\"elementor-widget-wrap elementor-element-populated\">\n\t\t\t\t\t\t<div class=\"elementor-element elementor-element-e0594b4 elementor-widget elementor-widget-text-editor\" data-id=\"e0594b4\" data-element_type=\"widget\" data-e-type=\"widget\" data-widget_type=\"text-editor.default\">\n\t\t\t\t<div class=\"elementor-widget-container\">\n\t\t\t\t\t\t\t\t\t<p><em>*Refer to Ericeira Market<\/em><\/p>\t\t\t\t\t\t\t\t<\/div>\n\t\t\t\t<\/div>\n\t\t\t\t\t<\/div>\n\t\t<\/div>\n\t\t\t\t\t<\/div>\n\t\t<\/section>\n\t\t\t\t<section class=\"elementor-section elementor-top-section elementor-element elementor-element-72be5d2 elementor-section-boxed elementor-section-height-default elementor-section-height-default row-top\" data-id=\"72be5d2\" data-element_type=\"section\" data-e-type=\"section\">\n\t\t\t\t\t\t<div class=\"elementor-container elementor-column-gap-default\">\n\t\t\t\t\t<div class=\"elementor-column elementor-col-100 elementor-top-column elementor-element elementor-element-a172387 column-style-top\" data-id=\"a172387\" data-element_type=\"column\" data-e-type=\"column\">\n\t\t\t<div class=\"elementor-widget-wrap elementor-element-populated\">\n\t\t\t\t\t\t<div class=\"elementor-element elementor-element-b53ead6 elementor-widget elementor-widget-button\" data-id=\"b53ead6\" data-element_type=\"widget\" data-e-type=\"widget\" data-widget_type=\"button.default\">\n\t\t\t\t<div class=\"elementor-widget-container\">\n\t\t\t\t\t\t\t\t\t<div class=\"elementor-button-wrapper\">\n\t\t\t\t\t<a class=\"elementor-button elementor-button-link elementor-size-sm\" href=\"https:\/\/www.cm-mafra.pt\/pages\/1092\">\n\t\t\t\t\t\t<span class=\"elementor-button-content-wrapper\">\n\t\t\t\t\t\t\t\t\t<span class=\"elementor-button-text\">Source<\/span>\n\t\t\t\t\t<\/span>\n\t\t\t\t\t<\/a>\n\t\t\t\t<\/div>\n\t\t\t\t\t\t\t\t<\/div>\n\t\t\t\t<\/div>\n\t\t\t\t\t<\/div>\n\t\t<\/div>\n\t\t\t\t\t<\/div>\n\t\t<\/section>\n\t\t\t\t<section class=\"elementor-section elementor-top-section elementor-element elementor-element-6f8df81 elementor-section-boxed elementor-section-height-default elementor-section-height-default row-top\" data-id=\"6f8df81\" data-element_type=\"section\" data-e-type=\"section\">\n\t\t\t\t\t\t<div class=\"elementor-container elementor-column-gap-default\">\n\t\t\t\t\t<div class=\"elementor-column elementor-col-100 elementor-top-column elementor-element elementor-element-0e58504 column-style-top\" data-id=\"0e58504\" data-element_type=\"column\" data-e-type=\"column\">\n\t\t\t<div class=\"elementor-widget-wrap elementor-element-populated\">\n\t\t\t\t\t\t<div class=\"elementor-element elementor-element-bda450a elementor-widget-divider--view-line elementor-widget elementor-widget-divider\" data-id=\"bda450a\" data-element_type=\"widget\" data-e-type=\"widget\" data-widget_type=\"divider.default\">\n\t\t\t\t<div class=\"elementor-widget-container\">\n\t\t\t\t\t\t\t<div class=\"elementor-divider\">\n\t\t\t<span class=\"elementor-divider-separator\">\n\t\t\t\t\t\t<\/span>\n\t\t<\/div>\n\t\t\t\t\t\t<\/div>\n\t\t\t\t<\/div>\n\t\t\t\t<div class=\"elementor-element elementor-element-c9023ae elementor-position-inline-start elementor-view-default elementor-mobile-position-block-start elementor-widget elementor-widget-icon-box\" data-id=\"c9023ae\" data-element_type=\"widget\" data-e-type=\"widget\" data-widget_type=\"icon-box.default\">\n\t\t\t\t<div class=\"elementor-widget-container\">\n\t\t\t\t\t\t\t<div class=\"elementor-icon-box-wrapper\">\n\n\t\t\t\t\t\t<div class=\"elementor-icon-box-icon\">\n\t\t\t\t<a href=\"https:\/\/www.cm-mafra.pt\/\" class=\"elementor-icon\" tabindex=\"-1\" aria-label=\"Click Here\">\n\t\t\t\t<i aria-hidden=\"true\" class=\"fi flaticon-shop\"><\/i>\t\t\t\t<\/a>\n\t\t\t<\/div>\n\t\t\t\n\t\t\t\t\t\t<div class=\"elementor-icon-box-content\">\n\n\t\t\t\t\t\t\t\t\t<h3 class=\"elementor-icon-box-title\">\n\t\t\t\t\t\t<a href=\"https:\/\/www.cm-mafra.pt\/\" >\n\t\t\t\t\t\t\tClick Here\t\t\t\t\t\t<\/a>\n\t\t\t\t\t<\/h3>\n\t\t\t\t\n\t\t\t\t\t\t\t\t\t<p class=\"elementor-icon-box-description\">\n\t\t\t\t\t\tfor more information\t\t\t\t\t<\/p>\n\t\t\t\t\n\t\t\t<\/div>\n\t\t\t\n\t\t<\/div>\n\t\t\t\t\t\t<\/div>\n\t\t\t\t<\/div>\n\t\t\t\t\t<\/div>\n\t\t<\/div>\n\t\t\t\t\t<\/div>\n\t\t<\/section>\n\t\t\t\t<\/div>","protected":false},"excerpt":{"rendered":"<p>O Arquivo-Museu da Santa Casa da Miseric\u00f3rdia da Ericeira, que tamb\u00e9m inclui a Igreja da Miseric\u00f3rdia, encontra-se instalado nas antigas depend\u00eancias da Irmandade de Nossa Senhora do Ros\u00e1rio, anteriormente a [&hellip;]<\/p>\n","protected":false},"author":3,"featured_media":19108,"comment_status":"closed","ping_status":"closed","sticky":false,"template":"","format":"standard","meta":{"footnotes":""},"categories":[181],"tags":[],"class_list":["post-19106","post","type-post","status-publish","format-standard","has-post-thumbnail","hentry","category-noticias"],"yoast_head":"<!-- This site is optimized with the Yoast SEO plugin v27.5 - https:\/\/yoast.com\/product\/yoast-seo-wordpress\/ -->\n<title>Arquivo-Museu da Miseric\u00f3rdia da Ericeira - Ericeira Market<\/title>\n<meta name=\"robots\" content=\"index, follow, max-snippet:-1, max-image-preview:large, max-video-preview:-1\" \/>\n<link rel=\"canonical\" href=\"https:\/\/ericeiramarket.pt\/en\/noticias\/arquivo-museu-da-misericordia-da-ericeira\/\" \/>\n<meta property=\"og:locale\" content=\"en_GB\" \/>\n<meta property=\"og:type\" content=\"article\" \/>\n<meta property=\"og:title\" content=\"Arquivo-Museu da Miseric\u00f3rdia da Ericeira - Ericeira Market\" \/>\n<meta property=\"og:description\" content=\"O Arquivo-Museu da Santa Casa da Miseric\u00f3rdia da Ericeira, que tamb\u00e9m inclui a Igreja da Miseric\u00f3rdia, encontra-se instalado nas antigas depend\u00eancias da Irmandade de Nossa Senhora do Ros\u00e1rio, anteriormente a [&hellip;]\" \/>\n<meta property=\"og:url\" content=\"https:\/\/ericeiramarket.pt\/en\/noticias\/arquivo-museu-da-misericordia-da-ericeira\/\" \/>\n<meta property=\"og:site_name\" content=\"Ericeira Market\" \/>\n<meta property=\"article:publisher\" content=\"https:\/\/www.facebook.com\/EriceiraMarket\/\" \/>\n<meta property=\"article:published_time\" content=\"2024-01-17T10:46:03+00:00\" \/>\n<meta property=\"article:modified_time\" content=\"2024-01-17T10:49:02+00:00\" \/>\n<meta property=\"og:image\" content=\"https:\/\/ericeiramarket.pt\/wp-content\/uploads\/2024\/01\/Noticia-EM-Arquivo-Museu-da-Misericordia-da-Ericeira.png\" \/>\n\t<meta property=\"og:image:width\" content=\"800\" \/>\n\t<meta property=\"og:image:height\" content=\"670\" \/>\n\t<meta property=\"og:image:type\" content=\"image\/png\" \/>\n<meta name=\"author\" content=\"Ericeira Market\" \/>\n<meta name=\"twitter:card\" content=\"summary_large_image\" \/>\n<meta name=\"twitter:label1\" content=\"Written by\" \/>\n\t<meta name=\"twitter:data1\" content=\"Ericeira Market\" \/>\n\t<meta name=\"twitter:label2\" content=\"Estimated reading time\" \/>\n\t<meta name=\"twitter:data2\" content=\"1 minute\" \/>\n<script type=\"application\/ld+json\" class=\"yoast-schema-graph\">{\"@context\":\"https:\\\/\\\/schema.org\",\"@graph\":[{\"@type\":\"Article\",\"@id\":\"https:\\\/\\\/ericeiramarket.pt\\\/noticias\\\/arquivo-museu-da-misericordia-da-ericeira\\\/#article\",\"isPartOf\":{\"@id\":\"https:\\\/\\\/ericeiramarket.pt\\\/noticias\\\/arquivo-museu-da-misericordia-da-ericeira\\\/\"},\"author\":{\"name\":\"Ericeira Market\",\"@id\":\"https:\\\/\\\/ericeiramarket.pt\\\/#\\\/schema\\\/person\\\/45f83fe4e155ef8432cc0a7cd887d434\"},\"headline\":\"Arquivo-Museu da Miseric\u00f3rdia da Ericeira\",\"datePublished\":\"2024-01-17T10:46:03+00:00\",\"dateModified\":\"2024-01-17T10:49:02+00:00\",\"mainEntityOfPage\":{\"@id\":\"https:\\\/\\\/ericeiramarket.pt\\\/noticias\\\/arquivo-museu-da-misericordia-da-ericeira\\\/\"},\"wordCount\":221,\"publisher\":{\"@id\":\"https:\\\/\\\/ericeiramarket.pt\\\/#organization\"},\"image\":{\"@id\":\"https:\\\/\\\/ericeiramarket.pt\\\/noticias\\\/arquivo-museu-da-misericordia-da-ericeira\\\/#primaryimage\"},\"thumbnailUrl\":\"https:\\\/\\\/ericeiramarket.pt\\\/wp-content\\\/uploads\\\/2024\\\/01\\\/Noticia-EM-Arquivo-Museu-da-Misericordia-da-Ericeira.png\",\"articleSection\":[\"Not\u00edcias\"],\"inLanguage\":\"en-GB\"},{\"@type\":\"WebPage\",\"@id\":\"https:\\\/\\\/ericeiramarket.pt\\\/noticias\\\/arquivo-museu-da-misericordia-da-ericeira\\\/\",\"url\":\"https:\\\/\\\/ericeiramarket.pt\\\/noticias\\\/arquivo-museu-da-misericordia-da-ericeira\\\/\",\"name\":\"Arquivo-Museu da Miseric\u00f3rdia da Ericeira - Ericeira Market\",\"isPartOf\":{\"@id\":\"https:\\\/\\\/ericeiramarket.pt\\\/#website\"},\"primaryImageOfPage\":{\"@id\":\"https:\\\/\\\/ericeiramarket.pt\\\/noticias\\\/arquivo-museu-da-misericordia-da-ericeira\\\/#primaryimage\"},\"image\":{\"@id\":\"https:\\\/\\\/ericeiramarket.pt\\\/noticias\\\/arquivo-museu-da-misericordia-da-ericeira\\\/#primaryimage\"},\"thumbnailUrl\":\"https:\\\/\\\/ericeiramarket.pt\\\/wp-content\\\/uploads\\\/2024\\\/01\\\/Noticia-EM-Arquivo-Museu-da-Misericordia-da-Ericeira.png\",\"datePublished\":\"2024-01-17T10:46:03+00:00\",\"dateModified\":\"2024-01-17T10:49:02+00:00\",\"breadcrumb\":{\"@id\":\"https:\\\/\\\/ericeiramarket.pt\\\/noticias\\\/arquivo-museu-da-misericordia-da-ericeira\\\/#breadcrumb\"},\"inLanguage\":\"en-GB\",\"potentialAction\":[{\"@type\":\"ReadAction\",\"target\":[\"https:\\\/\\\/ericeiramarket.pt\\\/noticias\\\/arquivo-museu-da-misericordia-da-ericeira\\\/\"]}]},{\"@type\":\"ImageObject\",\"inLanguage\":\"en-GB\",\"@id\":\"https:\\\/\\\/ericeiramarket.pt\\\/noticias\\\/arquivo-museu-da-misericordia-da-ericeira\\\/#primaryimage\",\"url\":\"https:\\\/\\\/ericeiramarket.pt\\\/wp-content\\\/uploads\\\/2024\\\/01\\\/Noticia-EM-Arquivo-Museu-da-Misericordia-da-Ericeira.png\",\"contentUrl\":\"https:\\\/\\\/ericeiramarket.pt\\\/wp-content\\\/uploads\\\/2024\\\/01\\\/Noticia-EM-Arquivo-Museu-da-Misericordia-da-Ericeira.png\",\"width\":800,\"height\":670},{\"@type\":\"BreadcrumbList\",\"@id\":\"https:\\\/\\\/ericeiramarket.pt\\\/noticias\\\/arquivo-museu-da-misericordia-da-ericeira\\\/#breadcrumb\",\"itemListElement\":[{\"@type\":\"ListItem\",\"position\":1,\"name\":\"Home\",\"item\":\"https:\\\/\\\/ericeiramarket.pt\\\/\"},{\"@type\":\"ListItem\",\"position\":2,\"name\":\"Arquivo-Museu da Miseric\u00f3rdia da Ericeira\"}]},{\"@type\":\"WebSite\",\"@id\":\"https:\\\/\\\/ericeiramarket.pt\\\/#website\",\"url\":\"https:\\\/\\\/ericeiramarket.pt\\\/\",\"name\":\"Ericeira Market\",\"description\":\"O melhor da Ericeira est\u00e1 aqui!\",\"publisher\":{\"@id\":\"https:\\\/\\\/ericeiramarket.pt\\\/#organization\"},\"potentialAction\":[{\"@type\":\"SearchAction\",\"target\":{\"@type\":\"EntryPoint\",\"urlTemplate\":\"https:\\\/\\\/ericeiramarket.pt\\\/?s={search_term_string}\"},\"query-input\":{\"@type\":\"PropertyValueSpecification\",\"valueRequired\":true,\"valueName\":\"search_term_string\"}}],\"inLanguage\":\"en-GB\"},{\"@type\":\"Organization\",\"@id\":\"https:\\\/\\\/ericeiramarket.pt\\\/#organization\",\"name\":\"Ericeira Market - A Ericeira cabe toda aqui\",\"url\":\"https:\\\/\\\/ericeiramarket.pt\\\/\",\"logo\":{\"@type\":\"ImageObject\",\"inLanguage\":\"en-GB\",\"@id\":\"https:\\\/\\\/ericeiramarket.pt\\\/#\\\/schema\\\/logo\\\/image\\\/\",\"url\":\"https:\\\/\\\/ericeiramarket.pt\\\/wp-content\\\/uploads\\\/2020\\\/09\\\/Asset-4ericeira-market-logos-seo.png\",\"contentUrl\":\"https:\\\/\\\/ericeiramarket.pt\\\/wp-content\\\/uploads\\\/2020\\\/09\\\/Asset-4ericeira-market-logos-seo.png\",\"width\":557,\"height\":566,\"caption\":\"Ericeira Market - A Ericeira cabe toda aqui\"},\"image\":{\"@id\":\"https:\\\/\\\/ericeiramarket.pt\\\/#\\\/schema\\\/logo\\\/image\\\/\"},\"sameAs\":[\"https:\\\/\\\/www.facebook.com\\\/EriceiraMarket\\\/\"]},{\"@type\":\"Person\",\"@id\":\"https:\\\/\\\/ericeiramarket.pt\\\/#\\\/schema\\\/person\\\/45f83fe4e155ef8432cc0a7cd887d434\",\"name\":\"Ericeira Market\",\"image\":{\"@type\":\"ImageObject\",\"inLanguage\":\"en-GB\",\"@id\":\"https:\\\/\\\/secure.gravatar.com\\\/avatar\\\/9220d95db6f21919243b9fd0ceb02dfa09b7e0834d889bdffb23d885f2348fb3?s=96&d=mm&r=g\",\"url\":\"https:\\\/\\\/secure.gravatar.com\\\/avatar\\\/9220d95db6f21919243b9fd0ceb02dfa09b7e0834d889bdffb23d885f2348fb3?s=96&d=mm&r=g\",\"contentUrl\":\"https:\\\/\\\/secure.gravatar.com\\\/avatar\\\/9220d95db6f21919243b9fd0ceb02dfa09b7e0834d889bdffb23d885f2348fb3?s=96&d=mm&r=g\",\"caption\":\"Ericeira Market\"},\"url\":\"https:\\\/\\\/ericeiramarket.pt\\\/en\\\/author\\\/mafaldajustino\\\/\"}]}<\/script>\n<!-- \/ Yoast SEO plugin. -->","yoast_head_json":{"title":"Archive-Museum of the Miseric\u00f3rdia of Ericeira - Ericeira Market","robots":{"index":"index","follow":"follow","max-snippet":"max-snippet:-1","max-image-preview":"max-image-preview:large","max-video-preview":"max-video-preview:-1"},"canonical":"https:\/\/ericeiramarket.pt\/en\/noticias\/arquivo-museu-da-misericordia-da-ericeira\/","og_locale":"en_GB","og_type":"article","og_title":"Arquivo-Museu da Miseric\u00f3rdia da Ericeira - Ericeira Market","og_description":"O Arquivo-Museu da Santa Casa da Miseric\u00f3rdia da Ericeira, que tamb\u00e9m inclui a Igreja da Miseric\u00f3rdia, encontra-se instalado nas antigas depend\u00eancias da Irmandade de Nossa Senhora do Ros\u00e1rio, anteriormente a [&hellip;]","og_url":"https:\/\/ericeiramarket.pt\/en\/noticias\/arquivo-museu-da-misericordia-da-ericeira\/","og_site_name":"Ericeira Market","article_publisher":"https:\/\/www.facebook.com\/EriceiraMarket\/","article_published_time":"2024-01-17T10:46:03+00:00","article_modified_time":"2024-01-17T10:49:02+00:00","og_image":[{"width":800,"height":670,"url":"https:\/\/ericeiramarket.pt\/wp-content\/uploads\/2024\/01\/Noticia-EM-Arquivo-Museu-da-Misericordia-da-Ericeira.png","type":"image\/png"}],"author":"Ericeira Market","twitter_card":"summary_large_image","twitter_misc":{"Written by":"Ericeira Market","Estimated reading time":"1 minute"},"schema":{"@context":"https:\/\/schema.org","@graph":[{"@type":"Article","@id":"https:\/\/ericeiramarket.pt\/noticias\/arquivo-museu-da-misericordia-da-ericeira\/#article","isPartOf":{"@id":"https:\/\/ericeiramarket.pt\/noticias\/arquivo-museu-da-misericordia-da-ericeira\/"},"author":{"name":"Ericeira Market","@id":"https:\/\/ericeiramarket.pt\/#\/schema\/person\/45f83fe4e155ef8432cc0a7cd887d434"},"headline":"Arquivo-Museu da Miseric\u00f3rdia da Ericeira","datePublished":"2024-01-17T10:46:03+00:00","dateModified":"2024-01-17T10:49:02+00:00","mainEntityOfPage":{"@id":"https:\/\/ericeiramarket.pt\/noticias\/arquivo-museu-da-misericordia-da-ericeira\/"},"wordCount":221,"publisher":{"@id":"https:\/\/ericeiramarket.pt\/#organization"},"image":{"@id":"https:\/\/ericeiramarket.pt\/noticias\/arquivo-museu-da-misericordia-da-ericeira\/#primaryimage"},"thumbnailUrl":"https:\/\/ericeiramarket.pt\/wp-content\/uploads\/2024\/01\/Noticia-EM-Arquivo-Museu-da-Misericordia-da-Ericeira.png","articleSection":["Not\u00edcias"],"inLanguage":"en-GB"},{"@type":"WebPage","@id":"https:\/\/ericeiramarket.pt\/noticias\/arquivo-museu-da-misericordia-da-ericeira\/","url":"https:\/\/ericeiramarket.pt\/noticias\/arquivo-museu-da-misericordia-da-ericeira\/","name":"Archive-Museum of the Miseric\u00f3rdia of Ericeira - Ericeira Market","isPartOf":{"@id":"https:\/\/ericeiramarket.pt\/#website"},"primaryImageOfPage":{"@id":"https:\/\/ericeiramarket.pt\/noticias\/arquivo-museu-da-misericordia-da-ericeira\/#primaryimage"},"image":{"@id":"https:\/\/ericeiramarket.pt\/noticias\/arquivo-museu-da-misericordia-da-ericeira\/#primaryimage"},"thumbnailUrl":"https:\/\/ericeiramarket.pt\/wp-content\/uploads\/2024\/01\/Noticia-EM-Arquivo-Museu-da-Misericordia-da-Ericeira.png","datePublished":"2024-01-17T10:46:03+00:00","dateModified":"2024-01-17T10:49:02+00:00","breadcrumb":{"@id":"https:\/\/ericeiramarket.pt\/noticias\/arquivo-museu-da-misericordia-da-ericeira\/#breadcrumb"},"inLanguage":"en-GB","potentialAction":[{"@type":"ReadAction","target":["https:\/\/ericeiramarket.pt\/noticias\/arquivo-museu-da-misericordia-da-ericeira\/"]}]},{"@type":"ImageObject","inLanguage":"en-GB","@id":"https:\/\/ericeiramarket.pt\/noticias\/arquivo-museu-da-misericordia-da-ericeira\/#primaryimage","url":"https:\/\/ericeiramarket.pt\/wp-content\/uploads\/2024\/01\/Noticia-EM-Arquivo-Museu-da-Misericordia-da-Ericeira.png","contentUrl":"https:\/\/ericeiramarket.pt\/wp-content\/uploads\/2024\/01\/Noticia-EM-Arquivo-Museu-da-Misericordia-da-Ericeira.png","width":800,"height":670},{"@type":"BreadcrumbList","@id":"https:\/\/ericeiramarket.pt\/noticias\/arquivo-museu-da-misericordia-da-ericeira\/#breadcrumb","itemListElement":[{"@type":"ListItem","position":1,"name":"Home","item":"https:\/\/ericeiramarket.pt\/"},{"@type":"ListItem","position":2,"name":"Arquivo-Museu da Miseric\u00f3rdia da Ericeira"}]},{"@type":"WebSite","@id":"https:\/\/ericeiramarket.pt\/#website","url":"https:\/\/ericeiramarket.pt\/","name":"Ericeira Market","description":"The best of Ericeira is here!","publisher":{"@id":"https:\/\/ericeiramarket.pt\/#organization"},"potentialAction":[{"@type":"SearchAction","target":{"@type":"EntryPoint","urlTemplate":"https:\/\/ericeiramarket.pt\/?s={search_term_string}"},"query-input":{"@type":"PropertyValueSpecification","valueRequired":true,"valueName":"search_term_string"}}],"inLanguage":"en-GB"},{"@type":"Organization","@id":"https:\/\/ericeiramarket.pt\/#organization","name":"Ericeira Market - Ericeira fits in here","url":"https:\/\/ericeiramarket.pt\/","logo":{"@type":"ImageObject","inLanguage":"en-GB","@id":"https:\/\/ericeiramarket.pt\/#\/schema\/logo\/image\/","url":"https:\/\/ericeiramarket.pt\/wp-content\/uploads\/2020\/09\/Asset-4ericeira-market-logos-seo.png","contentUrl":"https:\/\/ericeiramarket.pt\/wp-content\/uploads\/2020\/09\/Asset-4ericeira-market-logos-seo.png","width":557,"height":566,"caption":"Ericeira Market - A Ericeira cabe toda aqui"},"image":{"@id":"https:\/\/ericeiramarket.pt\/#\/schema\/logo\/image\/"},"sameAs":["https:\/\/www.facebook.com\/EriceiraMarket\/"]},{"@type":"Person","@id":"https:\/\/ericeiramarket.pt\/#\/schema\/person\/45f83fe4e155ef8432cc0a7cd887d434","name":"Ericeira Market","image":{"@type":"ImageObject","inLanguage":"en-GB","@id":"https:\/\/secure.gravatar.com\/avatar\/9220d95db6f21919243b9fd0ceb02dfa09b7e0834d889bdffb23d885f2348fb3?s=96&d=mm&r=g","url":"https:\/\/secure.gravatar.com\/avatar\/9220d95db6f21919243b9fd0ceb02dfa09b7e0834d889bdffb23d885f2348fb3?s=96&d=mm&r=g","contentUrl":"https:\/\/secure.gravatar.com\/avatar\/9220d95db6f21919243b9fd0ceb02dfa09b7e0834d889bdffb23d885f2348fb3?s=96&d=mm&r=g","caption":"Ericeira Market"},"url":"https:\/\/ericeiramarket.pt\/en\/author\/mafaldajustino\/"}]}},"_links":{"self":[{"href":"https:\/\/ericeiramarket.pt\/en\/wp-json\/wp\/v2\/posts\/19106","targetHints":{"allow":["GET"]}}],"collection":[{"href":"https:\/\/ericeiramarket.pt\/en\/wp-json\/wp\/v2\/posts"}],"about":[{"href":"https:\/\/ericeiramarket.pt\/en\/wp-json\/wp\/v2\/types\/post"}],"author":[{"embeddable":true,"href":"https:\/\/ericeiramarket.pt\/en\/wp-json\/wp\/v2\/users\/3"}],"replies":[{"embeddable":true,"href":"https:\/\/ericeiramarket.pt\/en\/wp-json\/wp\/v2\/comments?post=19106"}],"version-history":[{"count":0,"href":"https:\/\/ericeiramarket.pt\/en\/wp-json\/wp\/v2\/posts\/19106\/revisions"}],"wp:featuredmedia":[{"embeddable":true,"href":"https:\/\/ericeiramarket.pt\/en\/wp-json\/wp\/v2\/media\/19108"}],"wp:attachment":[{"href":"https:\/\/ericeiramarket.pt\/en\/wp-json\/wp\/v2\/media?parent=19106"}],"wp:term":[{"taxonomy":"category","embeddable":true,"href":"https:\/\/ericeiramarket.pt\/en\/wp-json\/wp\/v2\/categories?post=19106"},{"taxonomy":"post_tag","embeddable":true,"href":"https:\/\/ericeiramarket.pt\/en\/wp-json\/wp\/v2\/tags?post=19106"}],"curies":[{"name":"wp","href":"https:\/\/api.w.org\/{rel}","templated":true}]}}