{"id":19088,"date":"2024-01-17T10:19:24","date_gmt":"2024-01-17T10:19:24","guid":{"rendered":"https:\/\/ericeiramarket.pt\/?p=19088"},"modified":"2024-01-17T10:25:15","modified_gmt":"2024-01-17T10:25:15","slug":"capela-de-nossa-senhora-da-boa-viagem-ericeira","status":"publish","type":"post","link":"https:\/\/ericeiramarket.pt\/en\/noticias\/capela-de-nossa-senhora-da-boa-viagem-ericeira\/","title":{"rendered":"Chapel of Our Lady of Good Voyage, Ericeira"},"content":{"rendered":"<div data-elementor-type=\"wp-post\" data-elementor-id=\"19088\" class=\"elementor elementor-19088\">\n\t\t\t\t\t\t<section class=\"elementor-section elementor-top-section elementor-element elementor-element-072975c elementor-section-boxed elementor-section-height-default elementor-section-height-default row-top\" data-id=\"072975c\" data-element_type=\"section\" data-e-type=\"section\">\n\t\t\t\t\t\t<div class=\"elementor-container elementor-column-gap-default\">\n\t\t\t\t\t<div class=\"elementor-column elementor-col-100 elementor-top-column elementor-element elementor-element-1c963fd column-style-top\" data-id=\"1c963fd\" data-element_type=\"column\" data-e-type=\"column\">\n\t\t\t<div class=\"elementor-widget-wrap elementor-element-populated\">\n\t\t\t\t\t\t<div class=\"elementor-element elementor-element-c3dc79f elementor-widget-divider--view-line elementor-widget elementor-widget-divider\" data-id=\"c3dc79f\" data-element_type=\"widget\" data-e-type=\"widget\" data-widget_type=\"divider.default\">\n\t\t\t\t<div class=\"elementor-widget-container\">\n\t\t\t\t\t\t\t<div class=\"elementor-divider\">\n\t\t\t<span class=\"elementor-divider-separator\">\n\t\t\t\t\t\t<\/span>\n\t\t<\/div>\n\t\t\t\t\t\t<\/div>\n\t\t\t\t<\/div>\n\t\t\t\t\t<\/div>\n\t\t<\/div>\n\t\t\t\t\t<\/div>\n\t\t<\/section>\n\t\t\t\t<section class=\"elementor-section elementor-top-section elementor-element elementor-element-a2e588d elementor-section-boxed elementor-section-height-default elementor-section-height-default row-top\" data-id=\"a2e588d\" data-element_type=\"section\" data-e-type=\"section\">\n\t\t\t\t\t\t<div class=\"elementor-container elementor-column-gap-default\">\n\t\t\t\t\t<div class=\"elementor-column elementor-col-50 elementor-top-column elementor-element elementor-element-e36a5ac column-style-top\" data-id=\"e36a5ac\" data-element_type=\"column\" data-e-type=\"column\">\n\t\t\t<div class=\"elementor-widget-wrap elementor-element-populated\">\n\t\t\t\t\t\t<div class=\"elementor-element elementor-element-b7ed87f elementor-widget elementor-widget-text-editor\" data-id=\"b7ed87f\" data-element_type=\"widget\" data-e-type=\"widget\" data-widget_type=\"text-editor.default\">\n\t\t\t\t<div class=\"elementor-widget-container\">\n\t\t\t\t\t\t\t\t\t<p>The Chapel of Nossa Senhora da Boa Viagem and Santo Ant\u00f3nio stands in a small courtyard with a privileged view over the Atlantic, in the centre of Ericeira. Some say that the building actually delimits the northern part of the town from the southern part.<\/p><p>The chapel's foundation is shrouded in mystery, with few printed records throughout history. There is evidence that it was built at the same time as the parish church (14th or 15th century), but there are no material remains from that period. In 1609 it was the headquarters of the Confraternity of Our Lady of the Good Voyage of the Men of the Sea. It wasn't until 1645 that it became the place of worship it is recognised as today.<\/p><p>The chapel underwent several extensions and renovations over time before becoming the building that stands next to Fisherman's Beach and dates back to the 17th century. There are engravings on the doors that mark the year 1644 as the first year in which improvements were made; exactly two centuries later, in 1844, it was remodelled at the behest of the last mayor; at the beginning of the 20th century, further remodelling took place; and in 1993, the carving, painting and gilding of the altarpiece were restored.<\/p>\t\t\t\t\t\t\t\t<\/div>\n\t\t\t\t<\/div>\n\t\t\t\t\t<\/div>\n\t\t<\/div>\n\t\t\t\t<div class=\"elementor-column elementor-col-50 elementor-top-column elementor-element elementor-element-2d44f21 column-style-top\" data-id=\"2d44f21\" data-element_type=\"column\" data-e-type=\"column\">\n\t\t\t<div class=\"elementor-widget-wrap elementor-element-populated\">\n\t\t\t\t\t\t<div class=\"elementor-element elementor-element-e0594b4 elementor-widget elementor-widget-text-editor\" data-id=\"e0594b4\" data-element_type=\"widget\" data-e-type=\"widget\" data-widget_type=\"text-editor.default\">\n\t\t\t\t<div class=\"elementor-widget-container\">\n\t\t\t\t\t\t\t\t\t<p><em>*Refer to Ericeira Market<\/em><\/p>\t\t\t\t\t\t\t\t<\/div>\n\t\t\t\t<\/div>\n\t\t\t\t\t<\/div>\n\t\t<\/div>\n\t\t\t\t\t<\/div>\n\t\t<\/section>\n\t\t\t\t<section class=\"elementor-section elementor-top-section elementor-element elementor-element-72be5d2 elementor-section-boxed elementor-section-height-default elementor-section-height-default row-top\" data-id=\"72be5d2\" data-element_type=\"section\" data-e-type=\"section\">\n\t\t\t\t\t\t<div class=\"elementor-container elementor-column-gap-default\">\n\t\t\t\t\t<div class=\"elementor-column elementor-col-100 elementor-top-column elementor-element elementor-element-a172387 column-style-top\" data-id=\"a172387\" data-element_type=\"column\" data-e-type=\"column\">\n\t\t\t<div class=\"elementor-widget-wrap elementor-element-populated\">\n\t\t\t\t\t\t<div class=\"elementor-element elementor-element-b53ead6 elementor-widget elementor-widget-button\" data-id=\"b53ead6\" data-element_type=\"widget\" data-e-type=\"widget\" data-widget_type=\"button.default\">\n\t\t\t\t<div class=\"elementor-widget-container\">\n\t\t\t\t\t\t\t\t\t<div class=\"elementor-button-wrapper\">\n\t\t\t\t\t<a class=\"elementor-button elementor-button-link elementor-size-sm\" href=\"https:\/\/www.cm-mafra.pt\/pages\/1082\">\n\t\t\t\t\t\t<span class=\"elementor-button-content-wrapper\">\n\t\t\t\t\t\t\t\t\t<span class=\"elementor-button-text\">Source<\/span>\n\t\t\t\t\t<\/span>\n\t\t\t\t\t<\/a>\n\t\t\t\t<\/div>\n\t\t\t\t\t\t\t\t<\/div>\n\t\t\t\t<\/div>\n\t\t\t\t\t<\/div>\n\t\t<\/div>\n\t\t\t\t\t<\/div>\n\t\t<\/section>\n\t\t\t\t<section class=\"elementor-section elementor-top-section elementor-element elementor-element-6f8df81 elementor-section-boxed elementor-section-height-default elementor-section-height-default row-top\" data-id=\"6f8df81\" data-element_type=\"section\" data-e-type=\"section\">\n\t\t\t\t\t\t<div class=\"elementor-container elementor-column-gap-default\">\n\t\t\t\t\t<div class=\"elementor-column elementor-col-100 elementor-top-column elementor-element elementor-element-0e58504 column-style-top\" data-id=\"0e58504\" data-element_type=\"column\" data-e-type=\"column\">\n\t\t\t<div class=\"elementor-widget-wrap elementor-element-populated\">\n\t\t\t\t\t\t<div class=\"elementor-element elementor-element-bda450a elementor-widget-divider--view-line elementor-widget elementor-widget-divider\" data-id=\"bda450a\" data-element_type=\"widget\" data-e-type=\"widget\" data-widget_type=\"divider.default\">\n\t\t\t\t<div class=\"elementor-widget-container\">\n\t\t\t\t\t\t\t<div class=\"elementor-divider\">\n\t\t\t<span class=\"elementor-divider-separator\">\n\t\t\t\t\t\t<\/span>\n\t\t<\/div>\n\t\t\t\t\t\t<\/div>\n\t\t\t\t<\/div>\n\t\t\t\t<div class=\"elementor-element elementor-element-c9023ae elementor-position-inline-start elementor-view-default elementor-mobile-position-block-start elementor-widget elementor-widget-icon-box\" data-id=\"c9023ae\" data-element_type=\"widget\" data-e-type=\"widget\" data-widget_type=\"icon-box.default\">\n\t\t\t\t<div class=\"elementor-widget-container\">\n\t\t\t\t\t\t\t<div class=\"elementor-icon-box-wrapper\">\n\n\t\t\t\t\t\t<div class=\"elementor-icon-box-icon\">\n\t\t\t\t<a href=\"https:\/\/www.cm-mafra.pt\/\" class=\"elementor-icon\" tabindex=\"-1\" aria-label=\"Click Here\">\n\t\t\t\t<i aria-hidden=\"true\" class=\"fi flaticon-shop\"><\/i>\t\t\t\t<\/a>\n\t\t\t<\/div>\n\t\t\t\n\t\t\t\t\t\t<div class=\"elementor-icon-box-content\">\n\n\t\t\t\t\t\t\t\t\t<h3 class=\"elementor-icon-box-title\">\n\t\t\t\t\t\t<a href=\"https:\/\/www.cm-mafra.pt\/\" >\n\t\t\t\t\t\t\tClick Here\t\t\t\t\t\t<\/a>\n\t\t\t\t\t<\/h3>\n\t\t\t\t\n\t\t\t\t\t\t\t\t\t<p class=\"elementor-icon-box-description\">\n\t\t\t\t\t\tfor more information\t\t\t\t\t<\/p>\n\t\t\t\t\n\t\t\t<\/div>\n\t\t\t\n\t\t<\/div>\n\t\t\t\t\t\t<\/div>\n\t\t\t\t<\/div>\n\t\t\t\t\t<\/div>\n\t\t<\/div>\n\t\t\t\t\t<\/div>\n\t\t<\/section>\n\t\t\t\t<\/div>","protected":false},"excerpt":{"rendered":"<p>A Capela de Nossa Senhora da Boa Viagem e de Santo Ant\u00f3nio encontra-se num pequeno p\u00e1tio com vista privilegiada sobre o Atl\u00e2ntico, no centro da Ericeira. H\u00e1 quem diga que [&hellip;]<\/p>\n","protected":false},"author":3,"featured_media":19090,"comment_status":"closed","ping_status":"closed","sticky":false,"template":"","format":"standard","meta":{"footnotes":""},"categories":[181],"tags":[],"class_list":["post-19088","post","type-post","status-publish","format-standard","has-post-thumbnail","hentry","category-noticias"],"yoast_head":"<!-- This site is optimized with the Yoast SEO plugin v27.5 - https:\/\/yoast.com\/product\/yoast-seo-wordpress\/ -->\n<title>Capela de Nossa Senhora da Boa Viagem, Ericeira - Ericeira Market<\/title>\n<meta name=\"robots\" content=\"index, follow, max-snippet:-1, max-image-preview:large, max-video-preview:-1\" \/>\n<link rel=\"canonical\" href=\"https:\/\/ericeiramarket.pt\/en\/noticias\/capela-de-nossa-senhora-da-boa-viagem-ericeira\/\" \/>\n<meta property=\"og:locale\" content=\"en_GB\" \/>\n<meta property=\"og:type\" content=\"article\" \/>\n<meta property=\"og:title\" content=\"Capela de Nossa Senhora da Boa Viagem, Ericeira - Ericeira Market\" \/>\n<meta property=\"og:description\" content=\"A Capela de Nossa Senhora da Boa Viagem e de Santo Ant\u00f3nio encontra-se num pequeno p\u00e1tio com vista privilegiada sobre o Atl\u00e2ntico, no centro da Ericeira. H\u00e1 quem diga que [&hellip;]\" \/>\n<meta property=\"og:url\" content=\"https:\/\/ericeiramarket.pt\/en\/noticias\/capela-de-nossa-senhora-da-boa-viagem-ericeira\/\" \/>\n<meta property=\"og:site_name\" content=\"Ericeira Market\" \/>\n<meta property=\"article:publisher\" content=\"https:\/\/www.facebook.com\/EriceiraMarket\/\" \/>\n<meta property=\"article:published_time\" content=\"2024-01-17T10:19:24+00:00\" \/>\n<meta property=\"article:modified_time\" content=\"2024-01-17T10:25:15+00:00\" \/>\n<meta property=\"og:image\" content=\"https:\/\/ericeiramarket.pt\/wp-content\/uploads\/2024\/01\/Noticia-EM-Capela-de-Nossa-Senhora-da-Boa-Viagem-Ericeira.png\" \/>\n\t<meta property=\"og:image:width\" content=\"800\" \/>\n\t<meta property=\"og:image:height\" content=\"670\" \/>\n\t<meta property=\"og:image:type\" content=\"image\/png\" \/>\n<meta name=\"author\" content=\"Ericeira Market\" \/>\n<meta name=\"twitter:card\" content=\"summary_large_image\" \/>\n<meta name=\"twitter:label1\" content=\"Written by\" \/>\n\t<meta name=\"twitter:data1\" content=\"Ericeira Market\" \/>\n\t<meta name=\"twitter:label2\" content=\"Estimated reading time\" \/>\n\t<meta name=\"twitter:data2\" content=\"1 minute\" \/>\n<script type=\"application\/ld+json\" class=\"yoast-schema-graph\">{\"@context\":\"https:\\\/\\\/schema.org\",\"@graph\":[{\"@type\":\"Article\",\"@id\":\"https:\\\/\\\/ericeiramarket.pt\\\/noticias\\\/capela-de-nossa-senhora-da-boa-viagem-ericeira\\\/#article\",\"isPartOf\":{\"@id\":\"https:\\\/\\\/ericeiramarket.pt\\\/noticias\\\/capela-de-nossa-senhora-da-boa-viagem-ericeira\\\/\"},\"author\":{\"name\":\"Ericeira Market\",\"@id\":\"https:\\\/\\\/ericeiramarket.pt\\\/#\\\/schema\\\/person\\\/45f83fe4e155ef8432cc0a7cd887d434\"},\"headline\":\"Capela de Nossa Senhora da Boa Viagem, Ericeira\",\"datePublished\":\"2024-01-17T10:19:24+00:00\",\"dateModified\":\"2024-01-17T10:25:15+00:00\",\"mainEntityOfPage\":{\"@id\":\"https:\\\/\\\/ericeiramarket.pt\\\/noticias\\\/capela-de-nossa-senhora-da-boa-viagem-ericeira\\\/\"},\"wordCount\":237,\"publisher\":{\"@id\":\"https:\\\/\\\/ericeiramarket.pt\\\/#organization\"},\"image\":{\"@id\":\"https:\\\/\\\/ericeiramarket.pt\\\/noticias\\\/capela-de-nossa-senhora-da-boa-viagem-ericeira\\\/#primaryimage\"},\"thumbnailUrl\":\"https:\\\/\\\/ericeiramarket.pt\\\/wp-content\\\/uploads\\\/2024\\\/01\\\/Noticia-EM-Capela-de-Nossa-Senhora-da-Boa-Viagem-Ericeira.png\",\"articleSection\":[\"Not\u00edcias\"],\"inLanguage\":\"en-GB\"},{\"@type\":\"WebPage\",\"@id\":\"https:\\\/\\\/ericeiramarket.pt\\\/noticias\\\/capela-de-nossa-senhora-da-boa-viagem-ericeira\\\/\",\"url\":\"https:\\\/\\\/ericeiramarket.pt\\\/noticias\\\/capela-de-nossa-senhora-da-boa-viagem-ericeira\\\/\",\"name\":\"Capela de Nossa Senhora da Boa Viagem, Ericeira - Ericeira Market\",\"isPartOf\":{\"@id\":\"https:\\\/\\\/ericeiramarket.pt\\\/#website\"},\"primaryImageOfPage\":{\"@id\":\"https:\\\/\\\/ericeiramarket.pt\\\/noticias\\\/capela-de-nossa-senhora-da-boa-viagem-ericeira\\\/#primaryimage\"},\"image\":{\"@id\":\"https:\\\/\\\/ericeiramarket.pt\\\/noticias\\\/capela-de-nossa-senhora-da-boa-viagem-ericeira\\\/#primaryimage\"},\"thumbnailUrl\":\"https:\\\/\\\/ericeiramarket.pt\\\/wp-content\\\/uploads\\\/2024\\\/01\\\/Noticia-EM-Capela-de-Nossa-Senhora-da-Boa-Viagem-Ericeira.png\",\"datePublished\":\"2024-01-17T10:19:24+00:00\",\"dateModified\":\"2024-01-17T10:25:15+00:00\",\"breadcrumb\":{\"@id\":\"https:\\\/\\\/ericeiramarket.pt\\\/noticias\\\/capela-de-nossa-senhora-da-boa-viagem-ericeira\\\/#breadcrumb\"},\"inLanguage\":\"en-GB\",\"potentialAction\":[{\"@type\":\"ReadAction\",\"target\":[\"https:\\\/\\\/ericeiramarket.pt\\\/noticias\\\/capela-de-nossa-senhora-da-boa-viagem-ericeira\\\/\"]}]},{\"@type\":\"ImageObject\",\"inLanguage\":\"en-GB\",\"@id\":\"https:\\\/\\\/ericeiramarket.pt\\\/noticias\\\/capela-de-nossa-senhora-da-boa-viagem-ericeira\\\/#primaryimage\",\"url\":\"https:\\\/\\\/ericeiramarket.pt\\\/wp-content\\\/uploads\\\/2024\\\/01\\\/Noticia-EM-Capela-de-Nossa-Senhora-da-Boa-Viagem-Ericeira.png\",\"contentUrl\":\"https:\\\/\\\/ericeiramarket.pt\\\/wp-content\\\/uploads\\\/2024\\\/01\\\/Noticia-EM-Capela-de-Nossa-Senhora-da-Boa-Viagem-Ericeira.png\",\"width\":800,\"height\":670},{\"@type\":\"BreadcrumbList\",\"@id\":\"https:\\\/\\\/ericeiramarket.pt\\\/noticias\\\/capela-de-nossa-senhora-da-boa-viagem-ericeira\\\/#breadcrumb\",\"itemListElement\":[{\"@type\":\"ListItem\",\"position\":1,\"name\":\"Home\",\"item\":\"https:\\\/\\\/ericeiramarket.pt\\\/\"},{\"@type\":\"ListItem\",\"position\":2,\"name\":\"Capela de Nossa Senhora da Boa Viagem, Ericeira\"}]},{\"@type\":\"WebSite\",\"@id\":\"https:\\\/\\\/ericeiramarket.pt\\\/#website\",\"url\":\"https:\\\/\\\/ericeiramarket.pt\\\/\",\"name\":\"Ericeira Market\",\"description\":\"O melhor da Ericeira est\u00e1 aqui!\",\"publisher\":{\"@id\":\"https:\\\/\\\/ericeiramarket.pt\\\/#organization\"},\"potentialAction\":[{\"@type\":\"SearchAction\",\"target\":{\"@type\":\"EntryPoint\",\"urlTemplate\":\"https:\\\/\\\/ericeiramarket.pt\\\/?s={search_term_string}\"},\"query-input\":{\"@type\":\"PropertyValueSpecification\",\"valueRequired\":true,\"valueName\":\"search_term_string\"}}],\"inLanguage\":\"en-GB\"},{\"@type\":\"Organization\",\"@id\":\"https:\\\/\\\/ericeiramarket.pt\\\/#organization\",\"name\":\"Ericeira Market - A Ericeira cabe toda aqui\",\"url\":\"https:\\\/\\\/ericeiramarket.pt\\\/\",\"logo\":{\"@type\":\"ImageObject\",\"inLanguage\":\"en-GB\",\"@id\":\"https:\\\/\\\/ericeiramarket.pt\\\/#\\\/schema\\\/logo\\\/image\\\/\",\"url\":\"https:\\\/\\\/ericeiramarket.pt\\\/wp-content\\\/uploads\\\/2020\\\/09\\\/Asset-4ericeira-market-logos-seo.png\",\"contentUrl\":\"https:\\\/\\\/ericeiramarket.pt\\\/wp-content\\\/uploads\\\/2020\\\/09\\\/Asset-4ericeira-market-logos-seo.png\",\"width\":557,\"height\":566,\"caption\":\"Ericeira Market - A Ericeira cabe toda aqui\"},\"image\":{\"@id\":\"https:\\\/\\\/ericeiramarket.pt\\\/#\\\/schema\\\/logo\\\/image\\\/\"},\"sameAs\":[\"https:\\\/\\\/www.facebook.com\\\/EriceiraMarket\\\/\"]},{\"@type\":\"Person\",\"@id\":\"https:\\\/\\\/ericeiramarket.pt\\\/#\\\/schema\\\/person\\\/45f83fe4e155ef8432cc0a7cd887d434\",\"name\":\"Ericeira Market\",\"image\":{\"@type\":\"ImageObject\",\"inLanguage\":\"en-GB\",\"@id\":\"https:\\\/\\\/secure.gravatar.com\\\/avatar\\\/9220d95db6f21919243b9fd0ceb02dfa09b7e0834d889bdffb23d885f2348fb3?s=96&d=mm&r=g\",\"url\":\"https:\\\/\\\/secure.gravatar.com\\\/avatar\\\/9220d95db6f21919243b9fd0ceb02dfa09b7e0834d889bdffb23d885f2348fb3?s=96&d=mm&r=g\",\"contentUrl\":\"https:\\\/\\\/secure.gravatar.com\\\/avatar\\\/9220d95db6f21919243b9fd0ceb02dfa09b7e0834d889bdffb23d885f2348fb3?s=96&d=mm&r=g\",\"caption\":\"Ericeira Market\"},\"url\":\"https:\\\/\\\/ericeiramarket.pt\\\/en\\\/author\\\/mafaldajustino\\\/\"}]}<\/script>\n<!-- \/ Yoast SEO plugin. -->","yoast_head_json":{"title":"Chapel of Our Lady of Good Voyage, Ericeira - Ericeira Market","robots":{"index":"index","follow":"follow","max-snippet":"max-snippet:-1","max-image-preview":"max-image-preview:large","max-video-preview":"max-video-preview:-1"},"canonical":"https:\/\/ericeiramarket.pt\/en\/noticias\/capela-de-nossa-senhora-da-boa-viagem-ericeira\/","og_locale":"en_GB","og_type":"article","og_title":"Capela de Nossa Senhora da Boa Viagem, Ericeira - Ericeira Market","og_description":"A Capela de Nossa Senhora da Boa Viagem e de Santo Ant\u00f3nio encontra-se num pequeno p\u00e1tio com vista privilegiada sobre o Atl\u00e2ntico, no centro da Ericeira. H\u00e1 quem diga que [&hellip;]","og_url":"https:\/\/ericeiramarket.pt\/en\/noticias\/capela-de-nossa-senhora-da-boa-viagem-ericeira\/","og_site_name":"Ericeira Market","article_publisher":"https:\/\/www.facebook.com\/EriceiraMarket\/","article_published_time":"2024-01-17T10:19:24+00:00","article_modified_time":"2024-01-17T10:25:15+00:00","og_image":[{"width":800,"height":670,"url":"https:\/\/ericeiramarket.pt\/wp-content\/uploads\/2024\/01\/Noticia-EM-Capela-de-Nossa-Senhora-da-Boa-Viagem-Ericeira.png","type":"image\/png"}],"author":"Ericeira Market","twitter_card":"summary_large_image","twitter_misc":{"Written by":"Ericeira Market","Estimated reading time":"1 minute"},"schema":{"@context":"https:\/\/schema.org","@graph":[{"@type":"Article","@id":"https:\/\/ericeiramarket.pt\/noticias\/capela-de-nossa-senhora-da-boa-viagem-ericeira\/#article","isPartOf":{"@id":"https:\/\/ericeiramarket.pt\/noticias\/capela-de-nossa-senhora-da-boa-viagem-ericeira\/"},"author":{"name":"Ericeira Market","@id":"https:\/\/ericeiramarket.pt\/#\/schema\/person\/45f83fe4e155ef8432cc0a7cd887d434"},"headline":"Capela de Nossa Senhora da Boa Viagem, Ericeira","datePublished":"2024-01-17T10:19:24+00:00","dateModified":"2024-01-17T10:25:15+00:00","mainEntityOfPage":{"@id":"https:\/\/ericeiramarket.pt\/noticias\/capela-de-nossa-senhora-da-boa-viagem-ericeira\/"},"wordCount":237,"publisher":{"@id":"https:\/\/ericeiramarket.pt\/#organization"},"image":{"@id":"https:\/\/ericeiramarket.pt\/noticias\/capela-de-nossa-senhora-da-boa-viagem-ericeira\/#primaryimage"},"thumbnailUrl":"https:\/\/ericeiramarket.pt\/wp-content\/uploads\/2024\/01\/Noticia-EM-Capela-de-Nossa-Senhora-da-Boa-Viagem-Ericeira.png","articleSection":["Not\u00edcias"],"inLanguage":"en-GB"},{"@type":"WebPage","@id":"https:\/\/ericeiramarket.pt\/noticias\/capela-de-nossa-senhora-da-boa-viagem-ericeira\/","url":"https:\/\/ericeiramarket.pt\/noticias\/capela-de-nossa-senhora-da-boa-viagem-ericeira\/","name":"Chapel of Our Lady of Good Voyage, Ericeira - Ericeira Market","isPartOf":{"@id":"https:\/\/ericeiramarket.pt\/#website"},"primaryImageOfPage":{"@id":"https:\/\/ericeiramarket.pt\/noticias\/capela-de-nossa-senhora-da-boa-viagem-ericeira\/#primaryimage"},"image":{"@id":"https:\/\/ericeiramarket.pt\/noticias\/capela-de-nossa-senhora-da-boa-viagem-ericeira\/#primaryimage"},"thumbnailUrl":"https:\/\/ericeiramarket.pt\/wp-content\/uploads\/2024\/01\/Noticia-EM-Capela-de-Nossa-Senhora-da-Boa-Viagem-Ericeira.png","datePublished":"2024-01-17T10:19:24+00:00","dateModified":"2024-01-17T10:25:15+00:00","breadcrumb":{"@id":"https:\/\/ericeiramarket.pt\/noticias\/capela-de-nossa-senhora-da-boa-viagem-ericeira\/#breadcrumb"},"inLanguage":"en-GB","potentialAction":[{"@type":"ReadAction","target":["https:\/\/ericeiramarket.pt\/noticias\/capela-de-nossa-senhora-da-boa-viagem-ericeira\/"]}]},{"@type":"ImageObject","inLanguage":"en-GB","@id":"https:\/\/ericeiramarket.pt\/noticias\/capela-de-nossa-senhora-da-boa-viagem-ericeira\/#primaryimage","url":"https:\/\/ericeiramarket.pt\/wp-content\/uploads\/2024\/01\/Noticia-EM-Capela-de-Nossa-Senhora-da-Boa-Viagem-Ericeira.png","contentUrl":"https:\/\/ericeiramarket.pt\/wp-content\/uploads\/2024\/01\/Noticia-EM-Capela-de-Nossa-Senhora-da-Boa-Viagem-Ericeira.png","width":800,"height":670},{"@type":"BreadcrumbList","@id":"https:\/\/ericeiramarket.pt\/noticias\/capela-de-nossa-senhora-da-boa-viagem-ericeira\/#breadcrumb","itemListElement":[{"@type":"ListItem","position":1,"name":"Home","item":"https:\/\/ericeiramarket.pt\/"},{"@type":"ListItem","position":2,"name":"Capela de Nossa Senhora da Boa Viagem, Ericeira"}]},{"@type":"WebSite","@id":"https:\/\/ericeiramarket.pt\/#website","url":"https:\/\/ericeiramarket.pt\/","name":"Ericeira Market","description":"The best of Ericeira is here!","publisher":{"@id":"https:\/\/ericeiramarket.pt\/#organization"},"potentialAction":[{"@type":"SearchAction","target":{"@type":"EntryPoint","urlTemplate":"https:\/\/ericeiramarket.pt\/?s={search_term_string}"},"query-input":{"@type":"PropertyValueSpecification","valueRequired":true,"valueName":"search_term_string"}}],"inLanguage":"en-GB"},{"@type":"Organization","@id":"https:\/\/ericeiramarket.pt\/#organization","name":"Ericeira Market - Ericeira fits in here","url":"https:\/\/ericeiramarket.pt\/","logo":{"@type":"ImageObject","inLanguage":"en-GB","@id":"https:\/\/ericeiramarket.pt\/#\/schema\/logo\/image\/","url":"https:\/\/ericeiramarket.pt\/wp-content\/uploads\/2020\/09\/Asset-4ericeira-market-logos-seo.png","contentUrl":"https:\/\/ericeiramarket.pt\/wp-content\/uploads\/2020\/09\/Asset-4ericeira-market-logos-seo.png","width":557,"height":566,"caption":"Ericeira Market - A Ericeira cabe toda aqui"},"image":{"@id":"https:\/\/ericeiramarket.pt\/#\/schema\/logo\/image\/"},"sameAs":["https:\/\/www.facebook.com\/EriceiraMarket\/"]},{"@type":"Person","@id":"https:\/\/ericeiramarket.pt\/#\/schema\/person\/45f83fe4e155ef8432cc0a7cd887d434","name":"Ericeira Market","image":{"@type":"ImageObject","inLanguage":"en-GB","@id":"https:\/\/secure.gravatar.com\/avatar\/9220d95db6f21919243b9fd0ceb02dfa09b7e0834d889bdffb23d885f2348fb3?s=96&d=mm&r=g","url":"https:\/\/secure.gravatar.com\/avatar\/9220d95db6f21919243b9fd0ceb02dfa09b7e0834d889bdffb23d885f2348fb3?s=96&d=mm&r=g","contentUrl":"https:\/\/secure.gravatar.com\/avatar\/9220d95db6f21919243b9fd0ceb02dfa09b7e0834d889bdffb23d885f2348fb3?s=96&d=mm&r=g","caption":"Ericeira Market"},"url":"https:\/\/ericeiramarket.pt\/en\/author\/mafaldajustino\/"}]}},"_links":{"self":[{"href":"https:\/\/ericeiramarket.pt\/en\/wp-json\/wp\/v2\/posts\/19088","targetHints":{"allow":["GET"]}}],"collection":[{"href":"https:\/\/ericeiramarket.pt\/en\/wp-json\/wp\/v2\/posts"}],"about":[{"href":"https:\/\/ericeiramarket.pt\/en\/wp-json\/wp\/v2\/types\/post"}],"author":[{"embeddable":true,"href":"https:\/\/ericeiramarket.pt\/en\/wp-json\/wp\/v2\/users\/3"}],"replies":[{"embeddable":true,"href":"https:\/\/ericeiramarket.pt\/en\/wp-json\/wp\/v2\/comments?post=19088"}],"version-history":[{"count":0,"href":"https:\/\/ericeiramarket.pt\/en\/wp-json\/wp\/v2\/posts\/19088\/revisions"}],"wp:featuredmedia":[{"embeddable":true,"href":"https:\/\/ericeiramarket.pt\/en\/wp-json\/wp\/v2\/media\/19090"}],"wp:attachment":[{"href":"https:\/\/ericeiramarket.pt\/en\/wp-json\/wp\/v2\/media?parent=19088"}],"wp:term":[{"taxonomy":"category","embeddable":true,"href":"https:\/\/ericeiramarket.pt\/en\/wp-json\/wp\/v2\/categories?post=19088"},{"taxonomy":"post_tag","embeddable":true,"href":"https:\/\/ericeiramarket.pt\/en\/wp-json\/wp\/v2\/tags?post=19088"}],"curies":[{"name":"wp","href":"https:\/\/api.w.org\/{rel}","templated":true}]}}