{"id":16782,"date":"2023-10-19T12:10:09","date_gmt":"2023-10-19T11:10:09","guid":{"rendered":"https:\/\/ericeiramarket.pt\/?p=16782"},"modified":"2023-10-19T12:13:40","modified_gmt":"2023-10-19T11:13:40","slug":"ericeira-e-best-tourism-village-2023","status":"publish","type":"post","link":"https:\/\/ericeiramarket.pt\/en\/noticias\/ericeira-e-best-tourism-village-2023\/","title":{"rendered":"Ericeira is \"Best Tourism Village 2023\""},"content":{"rendered":"<div data-elementor-type=\"wp-post\" data-elementor-id=\"16782\" class=\"elementor elementor-16782\">\n\t\t\t\t\t\t<section class=\"elementor-section elementor-top-section elementor-element elementor-element-072975c elementor-section-boxed elementor-section-height-default elementor-section-height-default row-top\" data-id=\"072975c\" data-element_type=\"section\" data-e-type=\"section\">\n\t\t\t\t\t\t<div class=\"elementor-container elementor-column-gap-default\">\n\t\t\t\t\t<div class=\"elementor-column elementor-col-100 elementor-top-column elementor-element elementor-element-1c963fd column-style-top\" data-id=\"1c963fd\" data-element_type=\"column\" data-e-type=\"column\">\n\t\t\t<div class=\"elementor-widget-wrap elementor-element-populated\">\n\t\t\t\t\t\t<div class=\"elementor-element elementor-element-c3dc79f elementor-widget-divider--view-line elementor-widget elementor-widget-divider\" data-id=\"c3dc79f\" data-element_type=\"widget\" data-e-type=\"widget\" data-widget_type=\"divider.default\">\n\t\t\t\t<div class=\"elementor-widget-container\">\n\t\t\t\t\t\t\t<div class=\"elementor-divider\">\n\t\t\t<span class=\"elementor-divider-separator\">\n\t\t\t\t\t\t<\/span>\n\t\t<\/div>\n\t\t\t\t\t\t<\/div>\n\t\t\t\t<\/div>\n\t\t\t\t\t<\/div>\n\t\t<\/div>\n\t\t\t\t\t<\/div>\n\t\t<\/section>\n\t\t\t\t<section class=\"elementor-section elementor-top-section elementor-element elementor-element-a2e588d elementor-section-boxed elementor-section-height-default elementor-section-height-default row-top\" data-id=\"a2e588d\" data-element_type=\"section\" data-e-type=\"section\">\n\t\t\t\t\t\t<div class=\"elementor-container elementor-column-gap-default\">\n\t\t\t\t\t<div class=\"elementor-column elementor-col-50 elementor-top-column elementor-element elementor-element-e36a5ac column-style-top\" data-id=\"e36a5ac\" data-element_type=\"column\" data-e-type=\"column\">\n\t\t\t<div class=\"elementor-widget-wrap elementor-element-populated\">\n\t\t\t\t\t\t<div class=\"elementor-element elementor-element-b7ed87f elementor-widget elementor-widget-text-editor\" data-id=\"b7ed87f\" data-element_type=\"widget\" data-e-type=\"widget\" data-widget_type=\"text-editor.default\">\n\t\t\t\t<div class=\"elementor-widget-container\">\n\t\t\t\t\t\t\t\t\t<div class=\"summary widget_field\"><div class=\"widget_value\"><div class=\"writer_text\"><p>Ericeira was distinguished as the \"Best Tourism Village 2023\" by the World Tourism Organisation (WTO), a specialised agency of the United Nations. This award - which recognises tourist destinations of reference with a maximum of 15,000 inhabitants, set in a landscape with an important presence of traditional activities and which share community values and lifestyles - was presented at the official ceremony held on the occasion of the 25th session of the UNWTO General Assembly, which is taking place in Uzbekistan.<\/p><div class=\"writer_text_clear\">\u00a0<\/div><\/div><\/div><\/div><div class=\"text widget_field\"><div class=\"widget_value\"><div class=\"writer_text\"><p>The application submitted by Ericeira was assessed by an Independent Advisory Board, using a set of indicators in nine areas linked to the Sustainable Development Goals (SDGs), namely:<\/p><p>1. Cultural and Natural Resources (SDGs 8, 11, 12 and 15);<\/p><p>2. Promotion and Preservation of Cultural Resources (SDGs 8, 11 and 12);<\/p><p>3. Economic sustainability (SDGs 5, 8, 9 and 17);<\/p><p>4. Social Sustainability (SDGs 1, 2, 4, 5, 8, 10, 11, 12 and 17);<\/p><p>5. Environmental sustainability (SDGs 7, 12, 13, 15 and 17);<\/p><p>6. Tourism Development and Value Chain Integration (SDGs 8, 9, 10 and 12);<\/p><p>7. Governance and Prioritisation of Tourism (SDGs 9 and 17);<\/p><p>8. Infrastructure and Connectivity (SDGs 9 and 17);<\/p><p>9. Health, Safety and Security (SDG 3).<\/p><p>Considering the indicators under analysis, for the Mayor of Mafra, H\u00e9lder Sousa Silva, this distinction reflects \"the recognition of collective work, not only of the territorial management policies implemented by the Municipality and the Parish, but also the significant contribution of those who live, work and visit Ericeira\".<\/p><p>For the mayor, being a \"Best Tourism Village\" represents a double opportunity: \"on the one hand, to reinforce the international recognition of the traditional fishing village which, endowed with unique cultural characteristics, has developed as a holiday destination and, more recently, as a privileged place for gliding sports, recognised as a World Surfing Reserve; on the other hand, to join a global network of reference tourist destinations, sharing good practices and experiences\".<\/p><div class=\"writer_text_clear\">\u00a0<\/div><\/div><\/div><\/div><div class=\"date widget_field\"><div class=\"widget_value\">\u00a0<\/div><\/div>\t\t\t\t\t\t\t\t<\/div>\n\t\t\t\t<\/div>\n\t\t\t\t\t<\/div>\n\t\t<\/div>\n\t\t\t\t<div class=\"elementor-column elementor-col-50 elementor-top-column elementor-element elementor-element-2d44f21 column-style-top\" data-id=\"2d44f21\" data-element_type=\"column\" data-e-type=\"column\">\n\t\t\t<div class=\"elementor-widget-wrap elementor-element-populated\">\n\t\t\t\t\t\t<div class=\"elementor-element elementor-element-e0594b4 elementor-widget elementor-widget-text-editor\" data-id=\"e0594b4\" data-element_type=\"widget\" data-e-type=\"widget\" data-widget_type=\"text-editor.default\">\n\t\t\t\t<div class=\"elementor-widget-container\">\n\t\t\t\t\t\t\t\t\t<p><em>*Refer to Ericeira Market<\/em><\/p>\t\t\t\t\t\t\t\t<\/div>\n\t\t\t\t<\/div>\n\t\t\t\t\t<\/div>\n\t\t<\/div>\n\t\t\t\t\t<\/div>\n\t\t<\/section>\n\t\t\t\t<section class=\"elementor-section elementor-top-section elementor-element elementor-element-72be5d2 elementor-section-boxed elementor-section-height-default elementor-section-height-default row-top\" data-id=\"72be5d2\" data-element_type=\"section\" data-e-type=\"section\">\n\t\t\t\t\t\t<div class=\"elementor-container elementor-column-gap-default\">\n\t\t\t\t\t<div class=\"elementor-column elementor-col-100 elementor-top-column elementor-element elementor-element-a172387 column-style-top\" data-id=\"a172387\" data-element_type=\"column\" data-e-type=\"column\">\n\t\t\t<div class=\"elementor-widget-wrap elementor-element-populated\">\n\t\t\t\t\t\t<div class=\"elementor-element elementor-element-b53ead6 elementor-widget elementor-widget-button\" data-id=\"b53ead6\" data-element_type=\"widget\" data-e-type=\"widget\" data-widget_type=\"button.default\">\n\t\t\t\t<div class=\"elementor-widget-container\">\n\t\t\t\t\t\t\t\t\t<div class=\"elementor-button-wrapper\">\n\t\t\t\t\t<a class=\"elementor-button elementor-button-link elementor-size-sm\" href=\"https:\/\/www.cm-mafra.pt\/pages\/1129?news_id=4952\">\n\t\t\t\t\t\t<span class=\"elementor-button-content-wrapper\">\n\t\t\t\t\t\t\t\t\t<span class=\"elementor-button-text\">Source<\/span>\n\t\t\t\t\t<\/span>\n\t\t\t\t\t<\/a>\n\t\t\t\t<\/div>\n\t\t\t\t\t\t\t\t<\/div>\n\t\t\t\t<\/div>\n\t\t\t\t\t<\/div>\n\t\t<\/div>\n\t\t\t\t\t<\/div>\n\t\t<\/section>\n\t\t\t\t<section class=\"elementor-section elementor-top-section elementor-element elementor-element-6f8df81 elementor-section-boxed elementor-section-height-default elementor-section-height-default row-top\" data-id=\"6f8df81\" data-element_type=\"section\" data-e-type=\"section\">\n\t\t\t\t\t\t<div class=\"elementor-container elementor-column-gap-default\">\n\t\t\t\t\t<div class=\"elementor-column elementor-col-100 elementor-top-column elementor-element elementor-element-0e58504 column-style-top\" data-id=\"0e58504\" data-element_type=\"column\" data-e-type=\"column\">\n\t\t\t<div class=\"elementor-widget-wrap elementor-element-populated\">\n\t\t\t\t\t\t<div class=\"elementor-element elementor-element-bda450a elementor-widget-divider--view-line elementor-widget elementor-widget-divider\" data-id=\"bda450a\" data-element_type=\"widget\" data-e-type=\"widget\" data-widget_type=\"divider.default\">\n\t\t\t\t<div class=\"elementor-widget-container\">\n\t\t\t\t\t\t\t<div class=\"elementor-divider\">\n\t\t\t<span class=\"elementor-divider-separator\">\n\t\t\t\t\t\t<\/span>\n\t\t<\/div>\n\t\t\t\t\t\t<\/div>\n\t\t\t\t<\/div>\n\t\t\t\t<div class=\"elementor-element elementor-element-c9023ae elementor-position-inline-start elementor-view-default elementor-mobile-position-block-start elementor-widget elementor-widget-icon-box\" data-id=\"c9023ae\" data-element_type=\"widget\" data-e-type=\"widget\" data-widget_type=\"icon-box.default\">\n\t\t\t\t<div class=\"elementor-widget-container\">\n\t\t\t\t\t\t\t<div class=\"elementor-icon-box-wrapper\">\n\n\t\t\t\t\t\t<div class=\"elementor-icon-box-icon\">\n\t\t\t\t<a href=\"https:\/\/www.cm-mafra.pt\/\" class=\"elementor-icon\" tabindex=\"-1\" aria-label=\"Click Here\">\n\t\t\t\t<i aria-hidden=\"true\" class=\"fi flaticon-shop\"><\/i>\t\t\t\t<\/a>\n\t\t\t<\/div>\n\t\t\t\n\t\t\t\t\t\t<div class=\"elementor-icon-box-content\">\n\n\t\t\t\t\t\t\t\t\t<h3 class=\"elementor-icon-box-title\">\n\t\t\t\t\t\t<a href=\"https:\/\/www.cm-mafra.pt\/\" >\n\t\t\t\t\t\t\tClick Here\t\t\t\t\t\t<\/a>\n\t\t\t\t\t<\/h3>\n\t\t\t\t\n\t\t\t\t\t\t\t\t\t<p class=\"elementor-icon-box-description\">\n\t\t\t\t\t\tfor more information\t\t\t\t\t<\/p>\n\t\t\t\t\n\t\t\t<\/div>\n\t\t\t\n\t\t<\/div>\n\t\t\t\t\t\t<\/div>\n\t\t\t\t<\/div>\n\t\t\t\t\t<\/div>\n\t\t<\/div>\n\t\t\t\t\t<\/div>\n\t\t<\/section>\n\t\t\t\t<\/div>","protected":false},"excerpt":{"rendered":"<p>A Ericeira foi distinguida como \u201cBest Tourism Village 2023\u201d pela Organiza\u00e7\u00e3o Mundial do Turismo (OMT), ag\u00eancia especializada das Na\u00e7\u00f5es Unidas. Este galard\u00e3o \u2013 que reconhece destinos tur\u00edsticos de refer\u00eancia com [&hellip;]<\/p>\n","protected":false},"author":3,"featured_media":16783,"comment_status":"closed","ping_status":"closed","sticky":false,"template":"","format":"standard","meta":{"footnotes":""},"categories":[181],"tags":[],"class_list":["post-16782","post","type-post","status-publish","format-standard","has-post-thumbnail","hentry","category-noticias"],"yoast_head":"<!-- This site is optimized with the Yoast SEO plugin v27.5 - https:\/\/yoast.com\/product\/yoast-seo-wordpress\/ -->\n<title>Ericeira \u00e9 \u201cBest Tourism Village 2023\u201d - Ericeira Market<\/title>\n<meta name=\"robots\" content=\"index, follow, max-snippet:-1, max-image-preview:large, max-video-preview:-1\" \/>\n<link rel=\"canonical\" href=\"https:\/\/ericeiramarket.pt\/en\/noticias\/ericeira-e-best-tourism-village-2023\/\" \/>\n<meta property=\"og:locale\" content=\"en_GB\" \/>\n<meta property=\"og:type\" content=\"article\" \/>\n<meta property=\"og:title\" content=\"Ericeira \u00e9 \u201cBest Tourism Village 2023\u201d - Ericeira Market\" \/>\n<meta property=\"og:description\" content=\"A Ericeira foi distinguida como \u201cBest Tourism Village 2023\u201d pela Organiza\u00e7\u00e3o Mundial do Turismo (OMT), ag\u00eancia especializada das Na\u00e7\u00f5es Unidas. Este galard\u00e3o \u2013 que reconhece destinos tur\u00edsticos de refer\u00eancia com [&hellip;]\" \/>\n<meta property=\"og:url\" content=\"https:\/\/ericeiramarket.pt\/en\/noticias\/ericeira-e-best-tourism-village-2023\/\" \/>\n<meta property=\"og:site_name\" content=\"Ericeira Market\" \/>\n<meta property=\"article:publisher\" content=\"https:\/\/www.facebook.com\/EriceiraMarket\/\" \/>\n<meta property=\"article:published_time\" content=\"2023-10-19T11:10:09+00:00\" \/>\n<meta property=\"article:modified_time\" content=\"2023-10-19T11:13:40+00:00\" \/>\n<meta property=\"og:image\" content=\"https:\/\/ericeiramarket.pt\/wp-content\/uploads\/2023\/10\/Noticia-EM-1-Ericeira-e-Best-Tourism-Village-2023.png\" \/>\n\t<meta property=\"og:image:width\" content=\"800\" \/>\n\t<meta property=\"og:image:height\" content=\"670\" \/>\n\t<meta property=\"og:image:type\" content=\"image\/png\" \/>\n<meta name=\"author\" content=\"Ericeira Market\" \/>\n<meta name=\"twitter:card\" content=\"summary_large_image\" \/>\n<meta name=\"twitter:label1\" content=\"Written by\" \/>\n\t<meta name=\"twitter:data1\" content=\"Ericeira Market\" \/>\n\t<meta name=\"twitter:label2\" content=\"Estimated reading time\" \/>\n\t<meta name=\"twitter:data2\" content=\"2 minutes\" \/>\n<script type=\"application\/ld+json\" class=\"yoast-schema-graph\">{\"@context\":\"https:\\\/\\\/schema.org\",\"@graph\":[{\"@type\":\"Article\",\"@id\":\"https:\\\/\\\/ericeiramarket.pt\\\/noticias\\\/ericeira-e-best-tourism-village-2023\\\/#article\",\"isPartOf\":{\"@id\":\"https:\\\/\\\/ericeiramarket.pt\\\/noticias\\\/ericeira-e-best-tourism-village-2023\\\/\"},\"author\":{\"name\":\"Ericeira Market\",\"@id\":\"https:\\\/\\\/ericeiramarket.pt\\\/#\\\/schema\\\/person\\\/45f83fe4e155ef8432cc0a7cd887d434\"},\"headline\":\"Ericeira \u00e9 \u201cBest Tourism Village 2023\u201d\",\"datePublished\":\"2023-10-19T11:10:09+00:00\",\"dateModified\":\"2023-10-19T11:13:40+00:00\",\"mainEntityOfPage\":{\"@id\":\"https:\\\/\\\/ericeiramarket.pt\\\/noticias\\\/ericeira-e-best-tourism-village-2023\\\/\"},\"wordCount\":335,\"publisher\":{\"@id\":\"https:\\\/\\\/ericeiramarket.pt\\\/#organization\"},\"image\":{\"@id\":\"https:\\\/\\\/ericeiramarket.pt\\\/noticias\\\/ericeira-e-best-tourism-village-2023\\\/#primaryimage\"},\"thumbnailUrl\":\"https:\\\/\\\/ericeiramarket.pt\\\/wp-content\\\/uploads\\\/2023\\\/10\\\/Noticia-EM-1-Ericeira-e-Best-Tourism-Village-2023.png\",\"articleSection\":[\"Not\u00edcias\"],\"inLanguage\":\"en-GB\"},{\"@type\":\"WebPage\",\"@id\":\"https:\\\/\\\/ericeiramarket.pt\\\/noticias\\\/ericeira-e-best-tourism-village-2023\\\/\",\"url\":\"https:\\\/\\\/ericeiramarket.pt\\\/noticias\\\/ericeira-e-best-tourism-village-2023\\\/\",\"name\":\"Ericeira \u00e9 \u201cBest Tourism Village 2023\u201d - Ericeira Market\",\"isPartOf\":{\"@id\":\"https:\\\/\\\/ericeiramarket.pt\\\/#website\"},\"primaryImageOfPage\":{\"@id\":\"https:\\\/\\\/ericeiramarket.pt\\\/noticias\\\/ericeira-e-best-tourism-village-2023\\\/#primaryimage\"},\"image\":{\"@id\":\"https:\\\/\\\/ericeiramarket.pt\\\/noticias\\\/ericeira-e-best-tourism-village-2023\\\/#primaryimage\"},\"thumbnailUrl\":\"https:\\\/\\\/ericeiramarket.pt\\\/wp-content\\\/uploads\\\/2023\\\/10\\\/Noticia-EM-1-Ericeira-e-Best-Tourism-Village-2023.png\",\"datePublished\":\"2023-10-19T11:10:09+00:00\",\"dateModified\":\"2023-10-19T11:13:40+00:00\",\"breadcrumb\":{\"@id\":\"https:\\\/\\\/ericeiramarket.pt\\\/noticias\\\/ericeira-e-best-tourism-village-2023\\\/#breadcrumb\"},\"inLanguage\":\"en-GB\",\"potentialAction\":[{\"@type\":\"ReadAction\",\"target\":[\"https:\\\/\\\/ericeiramarket.pt\\\/noticias\\\/ericeira-e-best-tourism-village-2023\\\/\"]}]},{\"@type\":\"ImageObject\",\"inLanguage\":\"en-GB\",\"@id\":\"https:\\\/\\\/ericeiramarket.pt\\\/noticias\\\/ericeira-e-best-tourism-village-2023\\\/#primaryimage\",\"url\":\"https:\\\/\\\/ericeiramarket.pt\\\/wp-content\\\/uploads\\\/2023\\\/10\\\/Noticia-EM-1-Ericeira-e-Best-Tourism-Village-2023.png\",\"contentUrl\":\"https:\\\/\\\/ericeiramarket.pt\\\/wp-content\\\/uploads\\\/2023\\\/10\\\/Noticia-EM-1-Ericeira-e-Best-Tourism-Village-2023.png\",\"width\":800,\"height\":670},{\"@type\":\"BreadcrumbList\",\"@id\":\"https:\\\/\\\/ericeiramarket.pt\\\/noticias\\\/ericeira-e-best-tourism-village-2023\\\/#breadcrumb\",\"itemListElement\":[{\"@type\":\"ListItem\",\"position\":1,\"name\":\"Home\",\"item\":\"https:\\\/\\\/ericeiramarket.pt\\\/\"},{\"@type\":\"ListItem\",\"position\":2,\"name\":\"Ericeira \u00e9 \u201cBest Tourism Village 2023\u201d\"}]},{\"@type\":\"WebSite\",\"@id\":\"https:\\\/\\\/ericeiramarket.pt\\\/#website\",\"url\":\"https:\\\/\\\/ericeiramarket.pt\\\/\",\"name\":\"Ericeira Market\",\"description\":\"O melhor da Ericeira est\u00e1 aqui!\",\"publisher\":{\"@id\":\"https:\\\/\\\/ericeiramarket.pt\\\/#organization\"},\"potentialAction\":[{\"@type\":\"SearchAction\",\"target\":{\"@type\":\"EntryPoint\",\"urlTemplate\":\"https:\\\/\\\/ericeiramarket.pt\\\/?s={search_term_string}\"},\"query-input\":{\"@type\":\"PropertyValueSpecification\",\"valueRequired\":true,\"valueName\":\"search_term_string\"}}],\"inLanguage\":\"en-GB\"},{\"@type\":\"Organization\",\"@id\":\"https:\\\/\\\/ericeiramarket.pt\\\/#organization\",\"name\":\"Ericeira Market - A Ericeira cabe toda aqui\",\"url\":\"https:\\\/\\\/ericeiramarket.pt\\\/\",\"logo\":{\"@type\":\"ImageObject\",\"inLanguage\":\"en-GB\",\"@id\":\"https:\\\/\\\/ericeiramarket.pt\\\/#\\\/schema\\\/logo\\\/image\\\/\",\"url\":\"https:\\\/\\\/ericeiramarket.pt\\\/wp-content\\\/uploads\\\/2020\\\/09\\\/Asset-4ericeira-market-logos-seo.png\",\"contentUrl\":\"https:\\\/\\\/ericeiramarket.pt\\\/wp-content\\\/uploads\\\/2020\\\/09\\\/Asset-4ericeira-market-logos-seo.png\",\"width\":557,\"height\":566,\"caption\":\"Ericeira Market - A Ericeira cabe toda aqui\"},\"image\":{\"@id\":\"https:\\\/\\\/ericeiramarket.pt\\\/#\\\/schema\\\/logo\\\/image\\\/\"},\"sameAs\":[\"https:\\\/\\\/www.facebook.com\\\/EriceiraMarket\\\/\"]},{\"@type\":\"Person\",\"@id\":\"https:\\\/\\\/ericeiramarket.pt\\\/#\\\/schema\\\/person\\\/45f83fe4e155ef8432cc0a7cd887d434\",\"name\":\"Ericeira Market\",\"image\":{\"@type\":\"ImageObject\",\"inLanguage\":\"en-GB\",\"@id\":\"https:\\\/\\\/secure.gravatar.com\\\/avatar\\\/9220d95db6f21919243b9fd0ceb02dfa09b7e0834d889bdffb23d885f2348fb3?s=96&d=mm&r=g\",\"url\":\"https:\\\/\\\/secure.gravatar.com\\\/avatar\\\/9220d95db6f21919243b9fd0ceb02dfa09b7e0834d889bdffb23d885f2348fb3?s=96&d=mm&r=g\",\"contentUrl\":\"https:\\\/\\\/secure.gravatar.com\\\/avatar\\\/9220d95db6f21919243b9fd0ceb02dfa09b7e0834d889bdffb23d885f2348fb3?s=96&d=mm&r=g\",\"caption\":\"Ericeira Market\"},\"url\":\"https:\\\/\\\/ericeiramarket.pt\\\/en\\\/author\\\/mafaldajustino\\\/\"}]}<\/script>\n<!-- \/ Yoast SEO plugin. -->","yoast_head_json":{"title":"Ericeira is \u201cBest Tourism Village 2023\u201d - Ericeira Market","robots":{"index":"index","follow":"follow","max-snippet":"max-snippet:-1","max-image-preview":"max-image-preview:large","max-video-preview":"max-video-preview:-1"},"canonical":"https:\/\/ericeiramarket.pt\/en\/noticias\/ericeira-e-best-tourism-village-2023\/","og_locale":"en_GB","og_type":"article","og_title":"Ericeira \u00e9 \u201cBest Tourism Village 2023\u201d - Ericeira Market","og_description":"A Ericeira foi distinguida como \u201cBest Tourism Village 2023\u201d pela Organiza\u00e7\u00e3o Mundial do Turismo (OMT), ag\u00eancia especializada das Na\u00e7\u00f5es Unidas. Este galard\u00e3o \u2013 que reconhece destinos tur\u00edsticos de refer\u00eancia com [&hellip;]","og_url":"https:\/\/ericeiramarket.pt\/en\/noticias\/ericeira-e-best-tourism-village-2023\/","og_site_name":"Ericeira Market","article_publisher":"https:\/\/www.facebook.com\/EriceiraMarket\/","article_published_time":"2023-10-19T11:10:09+00:00","article_modified_time":"2023-10-19T11:13:40+00:00","og_image":[{"width":800,"height":670,"url":"https:\/\/ericeiramarket.pt\/wp-content\/uploads\/2023\/10\/Noticia-EM-1-Ericeira-e-Best-Tourism-Village-2023.png","type":"image\/png"}],"author":"Ericeira Market","twitter_card":"summary_large_image","twitter_misc":{"Written by":"Ericeira Market","Estimated reading time":"2 minutes"},"schema":{"@context":"https:\/\/schema.org","@graph":[{"@type":"Article","@id":"https:\/\/ericeiramarket.pt\/noticias\/ericeira-e-best-tourism-village-2023\/#article","isPartOf":{"@id":"https:\/\/ericeiramarket.pt\/noticias\/ericeira-e-best-tourism-village-2023\/"},"author":{"name":"Ericeira Market","@id":"https:\/\/ericeiramarket.pt\/#\/schema\/person\/45f83fe4e155ef8432cc0a7cd887d434"},"headline":"Ericeira \u00e9 \u201cBest Tourism Village 2023\u201d","datePublished":"2023-10-19T11:10:09+00:00","dateModified":"2023-10-19T11:13:40+00:00","mainEntityOfPage":{"@id":"https:\/\/ericeiramarket.pt\/noticias\/ericeira-e-best-tourism-village-2023\/"},"wordCount":335,"publisher":{"@id":"https:\/\/ericeiramarket.pt\/#organization"},"image":{"@id":"https:\/\/ericeiramarket.pt\/noticias\/ericeira-e-best-tourism-village-2023\/#primaryimage"},"thumbnailUrl":"https:\/\/ericeiramarket.pt\/wp-content\/uploads\/2023\/10\/Noticia-EM-1-Ericeira-e-Best-Tourism-Village-2023.png","articleSection":["Not\u00edcias"],"inLanguage":"en-GB"},{"@type":"WebPage","@id":"https:\/\/ericeiramarket.pt\/noticias\/ericeira-e-best-tourism-village-2023\/","url":"https:\/\/ericeiramarket.pt\/noticias\/ericeira-e-best-tourism-village-2023\/","name":"Ericeira is \u201cBest Tourism Village 2023\u201d - Ericeira Market","isPartOf":{"@id":"https:\/\/ericeiramarket.pt\/#website"},"primaryImageOfPage":{"@id":"https:\/\/ericeiramarket.pt\/noticias\/ericeira-e-best-tourism-village-2023\/#primaryimage"},"image":{"@id":"https:\/\/ericeiramarket.pt\/noticias\/ericeira-e-best-tourism-village-2023\/#primaryimage"},"thumbnailUrl":"https:\/\/ericeiramarket.pt\/wp-content\/uploads\/2023\/10\/Noticia-EM-1-Ericeira-e-Best-Tourism-Village-2023.png","datePublished":"2023-10-19T11:10:09+00:00","dateModified":"2023-10-19T11:13:40+00:00","breadcrumb":{"@id":"https:\/\/ericeiramarket.pt\/noticias\/ericeira-e-best-tourism-village-2023\/#breadcrumb"},"inLanguage":"en-GB","potentialAction":[{"@type":"ReadAction","target":["https:\/\/ericeiramarket.pt\/noticias\/ericeira-e-best-tourism-village-2023\/"]}]},{"@type":"ImageObject","inLanguage":"en-GB","@id":"https:\/\/ericeiramarket.pt\/noticias\/ericeira-e-best-tourism-village-2023\/#primaryimage","url":"https:\/\/ericeiramarket.pt\/wp-content\/uploads\/2023\/10\/Noticia-EM-1-Ericeira-e-Best-Tourism-Village-2023.png","contentUrl":"https:\/\/ericeiramarket.pt\/wp-content\/uploads\/2023\/10\/Noticia-EM-1-Ericeira-e-Best-Tourism-Village-2023.png","width":800,"height":670},{"@type":"BreadcrumbList","@id":"https:\/\/ericeiramarket.pt\/noticias\/ericeira-e-best-tourism-village-2023\/#breadcrumb","itemListElement":[{"@type":"ListItem","position":1,"name":"Home","item":"https:\/\/ericeiramarket.pt\/"},{"@type":"ListItem","position":2,"name":"Ericeira \u00e9 \u201cBest Tourism Village 2023\u201d"}]},{"@type":"WebSite","@id":"https:\/\/ericeiramarket.pt\/#website","url":"https:\/\/ericeiramarket.pt\/","name":"Ericeira Market","description":"The best of Ericeira is here!","publisher":{"@id":"https:\/\/ericeiramarket.pt\/#organization"},"potentialAction":[{"@type":"SearchAction","target":{"@type":"EntryPoint","urlTemplate":"https:\/\/ericeiramarket.pt\/?s={search_term_string}"},"query-input":{"@type":"PropertyValueSpecification","valueRequired":true,"valueName":"search_term_string"}}],"inLanguage":"en-GB"},{"@type":"Organization","@id":"https:\/\/ericeiramarket.pt\/#organization","name":"Ericeira Market - Ericeira fits in here","url":"https:\/\/ericeiramarket.pt\/","logo":{"@type":"ImageObject","inLanguage":"en-GB","@id":"https:\/\/ericeiramarket.pt\/#\/schema\/logo\/image\/","url":"https:\/\/ericeiramarket.pt\/wp-content\/uploads\/2020\/09\/Asset-4ericeira-market-logos-seo.png","contentUrl":"https:\/\/ericeiramarket.pt\/wp-content\/uploads\/2020\/09\/Asset-4ericeira-market-logos-seo.png","width":557,"height":566,"caption":"Ericeira Market - A Ericeira cabe toda aqui"},"image":{"@id":"https:\/\/ericeiramarket.pt\/#\/schema\/logo\/image\/"},"sameAs":["https:\/\/www.facebook.com\/EriceiraMarket\/"]},{"@type":"Person","@id":"https:\/\/ericeiramarket.pt\/#\/schema\/person\/45f83fe4e155ef8432cc0a7cd887d434","name":"Ericeira Market","image":{"@type":"ImageObject","inLanguage":"en-GB","@id":"https:\/\/secure.gravatar.com\/avatar\/9220d95db6f21919243b9fd0ceb02dfa09b7e0834d889bdffb23d885f2348fb3?s=96&d=mm&r=g","url":"https:\/\/secure.gravatar.com\/avatar\/9220d95db6f21919243b9fd0ceb02dfa09b7e0834d889bdffb23d885f2348fb3?s=96&d=mm&r=g","contentUrl":"https:\/\/secure.gravatar.com\/avatar\/9220d95db6f21919243b9fd0ceb02dfa09b7e0834d889bdffb23d885f2348fb3?s=96&d=mm&r=g","caption":"Ericeira Market"},"url":"https:\/\/ericeiramarket.pt\/en\/author\/mafaldajustino\/"}]}},"_links":{"self":[{"href":"https:\/\/ericeiramarket.pt\/en\/wp-json\/wp\/v2\/posts\/16782","targetHints":{"allow":["GET"]}}],"collection":[{"href":"https:\/\/ericeiramarket.pt\/en\/wp-json\/wp\/v2\/posts"}],"about":[{"href":"https:\/\/ericeiramarket.pt\/en\/wp-json\/wp\/v2\/types\/post"}],"author":[{"embeddable":true,"href":"https:\/\/ericeiramarket.pt\/en\/wp-json\/wp\/v2\/users\/3"}],"replies":[{"embeddable":true,"href":"https:\/\/ericeiramarket.pt\/en\/wp-json\/wp\/v2\/comments?post=16782"}],"version-history":[{"count":0,"href":"https:\/\/ericeiramarket.pt\/en\/wp-json\/wp\/v2\/posts\/16782\/revisions"}],"wp:featuredmedia":[{"embeddable":true,"href":"https:\/\/ericeiramarket.pt\/en\/wp-json\/wp\/v2\/media\/16783"}],"wp:attachment":[{"href":"https:\/\/ericeiramarket.pt\/en\/wp-json\/wp\/v2\/media?parent=16782"}],"wp:term":[{"taxonomy":"category","embeddable":true,"href":"https:\/\/ericeiramarket.pt\/en\/wp-json\/wp\/v2\/categories?post=16782"},{"taxonomy":"post_tag","embeddable":true,"href":"https:\/\/ericeiramarket.pt\/en\/wp-json\/wp\/v2\/tags?post=16782"}],"curies":[{"name":"wp","href":"https:\/\/api.w.org\/{rel}","templated":true}]}}