{"id":15718,"date":"2023-08-03T22:38:47","date_gmt":"2023-08-03T21:38:47","guid":{"rendered":"https:\/\/ericeiramarket.pt\/?p=15718"},"modified":"2023-08-03T22:46:26","modified_gmt":"2023-08-03T21:46:26","slug":"exposicao-de-rua-ericeira-antiga","status":"publish","type":"post","link":"https:\/\/ericeiramarket.pt\/en\/noticias\/exposicao-de-rua-ericeira-antiga\/","title":{"rendered":"Old Ericeira Exhibition - Rua Dr Eduardo Burnay"},"content":{"rendered":"<div data-elementor-type=\"wp-post\" data-elementor-id=\"15718\" class=\"elementor elementor-15718\">\n\t\t\t\t\t\t<section class=\"elementor-section elementor-top-section elementor-element elementor-element-072975c elementor-section-boxed elementor-section-height-default elementor-section-height-default row-top\" data-id=\"072975c\" data-element_type=\"section\" data-e-type=\"section\">\n\t\t\t\t\t\t<div class=\"elementor-container elementor-column-gap-default\">\n\t\t\t\t\t<div class=\"elementor-column elementor-col-100 elementor-top-column elementor-element elementor-element-1c963fd column-style-top\" data-id=\"1c963fd\" data-element_type=\"column\" data-e-type=\"column\">\n\t\t\t<div class=\"elementor-widget-wrap elementor-element-populated\">\n\t\t\t\t\t\t<div class=\"elementor-element elementor-element-c3dc79f elementor-widget-divider--view-line elementor-widget elementor-widget-divider\" data-id=\"c3dc79f\" data-element_type=\"widget\" data-e-type=\"widget\" data-widget_type=\"divider.default\">\n\t\t\t\t<div class=\"elementor-widget-container\">\n\t\t\t\t\t\t\t<div class=\"elementor-divider\">\n\t\t\t<span class=\"elementor-divider-separator\">\n\t\t\t\t\t\t<\/span>\n\t\t<\/div>\n\t\t\t\t\t\t<\/div>\n\t\t\t\t<\/div>\n\t\t\t\t\t<\/div>\n\t\t<\/div>\n\t\t\t\t\t<\/div>\n\t\t<\/section>\n\t\t\t\t<section class=\"elementor-section elementor-top-section elementor-element elementor-element-a2e588d elementor-section-boxed elementor-section-height-default elementor-section-height-default row-top\" data-id=\"a2e588d\" data-element_type=\"section\" data-e-type=\"section\">\n\t\t\t\t\t\t<div class=\"elementor-container elementor-column-gap-default\">\n\t\t\t\t\t<div class=\"elementor-column elementor-col-50 elementor-top-column elementor-element elementor-element-e36a5ac column-style-top\" data-id=\"e36a5ac\" data-element_type=\"column\" data-e-type=\"column\">\n\t\t\t<div class=\"elementor-widget-wrap elementor-element-populated\">\n\t\t\t\t\t\t<div class=\"elementor-element elementor-element-08f8d90 elementor-widget elementor-widget-text-editor\" data-id=\"08f8d90\" data-element_type=\"widget\" data-e-type=\"widget\" data-widget_type=\"text-editor.default\">\n\t\t\t\t<div class=\"elementor-widget-container\">\n\t\t\t\t\t\t\t\t\t<div class=\"summary widget_field\"><div class=\"widget_value\"><div class=\"writer_text\"><p>Come and see \"Old Ericeira\" through the lens of the first photographers. This is the motto of the exhibition that is open at Rua Eduardo Burnay, integrating the estate of uncle and nephew: Pedro Garrido Vicente, Spanish by birth and Portuguese by adoption, professional photographer since 1930; and Pedro Gomes de S\u00e1, who began his professional life as a photographer in 1950.<\/p><div class=\"writer_text_clear\">\u00a0<\/div><\/div><\/div><\/div><div class=\"text widget_field\"><div class=\"widget_value\"><div class=\"writer_text\"><p>The estate left by these two professionals has accompanied the history, growth and development of the town of Ericeira.<\/p><p>This exhibition had the collaboration and archive research carried out by Jo\u00e3o Pedro, son of Pedro Gomes de S\u00e1.<\/p><\/div><\/div><\/div>\t\t\t\t\t\t\t\t<\/div>\n\t\t\t\t<\/div>\n\t\t\t\t\t<\/div>\n\t\t<\/div>\n\t\t\t\t<div class=\"elementor-column elementor-col-50 elementor-top-column elementor-element elementor-element-2d44f21 column-style-top\" data-id=\"2d44f21\" data-element_type=\"column\" data-e-type=\"column\">\n\t\t\t<div class=\"elementor-widget-wrap elementor-element-populated\">\n\t\t\t\t\t\t<div class=\"elementor-element elementor-element-e0594b4 elementor-widget elementor-widget-text-editor\" data-id=\"e0594b4\" data-element_type=\"widget\" data-e-type=\"widget\" data-widget_type=\"text-editor.default\">\n\t\t\t\t<div class=\"elementor-widget-container\">\n\t\t\t\t\t\t\t\t\t<p><em>*Refer to Ericeira Market<\/em><\/p>\t\t\t\t\t\t\t\t<\/div>\n\t\t\t\t<\/div>\n\t\t\t\t\t<\/div>\n\t\t<\/div>\n\t\t\t\t\t<\/div>\n\t\t<\/section>\n\t\t\t\t<section class=\"elementor-section elementor-top-section elementor-element elementor-element-6f8df81 elementor-section-boxed elementor-section-height-default elementor-section-height-default row-top\" data-id=\"6f8df81\" data-element_type=\"section\" data-e-type=\"section\">\n\t\t\t\t\t\t<div class=\"elementor-container elementor-column-gap-default\">\n\t\t\t\t\t<div class=\"elementor-column elementor-col-100 elementor-top-column elementor-element elementor-element-0e58504 column-style-top\" data-id=\"0e58504\" data-element_type=\"column\" data-e-type=\"column\">\n\t\t\t<div class=\"elementor-widget-wrap elementor-element-populated\">\n\t\t\t\t\t\t<div class=\"elementor-element elementor-element-bda450a elementor-widget-divider--view-line elementor-widget elementor-widget-divider\" data-id=\"bda450a\" data-element_type=\"widget\" data-e-type=\"widget\" data-widget_type=\"divider.default\">\n\t\t\t\t<div class=\"elementor-widget-container\">\n\t\t\t\t\t\t\t<div class=\"elementor-divider\">\n\t\t\t<span class=\"elementor-divider-separator\">\n\t\t\t\t\t\t<\/span>\n\t\t<\/div>\n\t\t\t\t\t\t<\/div>\n\t\t\t\t<\/div>\n\t\t\t\t<div class=\"elementor-element elementor-element-c9023ae elementor-position-inline-start elementor-view-default elementor-mobile-position-block-start elementor-widget elementor-widget-icon-box\" data-id=\"c9023ae\" data-element_type=\"widget\" data-e-type=\"widget\" data-widget_type=\"icon-box.default\">\n\t\t\t\t<div class=\"elementor-widget-container\">\n\t\t\t\t\t\t\t<div class=\"elementor-icon-box-wrapper\">\n\n\t\t\t\t\t\t<div class=\"elementor-icon-box-icon\">\n\t\t\t\t<a href=\"https:\/\/www.cm-mafra.pt\/\" class=\"elementor-icon\" tabindex=\"-1\" aria-label=\"Click Here\">\n\t\t\t\t<i aria-hidden=\"true\" class=\"fi flaticon-shop\"><\/i>\t\t\t\t<\/a>\n\t\t\t<\/div>\n\t\t\t\n\t\t\t\t\t\t<div class=\"elementor-icon-box-content\">\n\n\t\t\t\t\t\t\t\t\t<h3 class=\"elementor-icon-box-title\">\n\t\t\t\t\t\t<a href=\"https:\/\/www.cm-mafra.pt\/\" >\n\t\t\t\t\t\t\tClick Here\t\t\t\t\t\t<\/a>\n\t\t\t\t\t<\/h3>\n\t\t\t\t\n\t\t\t\t\t\t\t\t\t<p class=\"elementor-icon-box-description\">\n\t\t\t\t\t\tfor more information\t\t\t\t\t<\/p>\n\t\t\t\t\n\t\t\t<\/div>\n\t\t\t\n\t\t<\/div>\n\t\t\t\t\t\t<\/div>\n\t\t\t\t<\/div>\n\t\t\t\t\t<\/div>\n\t\t<\/div>\n\t\t\t\t\t<\/div>\n\t\t<\/section>\n\t\t\t\t<\/div>","protected":false},"excerpt":{"rendered":"<p>Venha conhecer a \u201cEriceira Antiga\u201d atrav\u00e9s da objetiva dos primeiros fot\u00f3grafos. Este \u00e9 o mote da exposi\u00e7\u00e3o que est\u00e1 patente na Rua Eduardo Burnay, integrando o esp\u00f3lio de tio e [&hellip;]<\/p>\n","protected":false},"author":5,"featured_media":15721,"comment_status":"closed","ping_status":"closed","sticky":false,"template":"","format":"standard","meta":{"footnotes":""},"categories":[181],"tags":[],"class_list":["post-15718","post","type-post","status-publish","format-standard","has-post-thumbnail","hentry","category-noticias"],"yoast_head":"<!-- This site is optimized with the Yoast SEO plugin v27.5 - https:\/\/yoast.com\/product\/yoast-seo-wordpress\/ -->\n<title>Exposi\u00e7\u00e3o Ericeira Antiga - Rua Dr. Eduardo Burnay - Ericeira Market<\/title>\n<meta name=\"robots\" content=\"index, follow, max-snippet:-1, max-image-preview:large, max-video-preview:-1\" \/>\n<link rel=\"canonical\" href=\"https:\/\/ericeiramarket.pt\/en\/noticias\/exposicao-de-rua-ericeira-antiga\/\" \/>\n<meta property=\"og:locale\" content=\"en_GB\" \/>\n<meta property=\"og:type\" content=\"article\" \/>\n<meta property=\"og:title\" content=\"Exposi\u00e7\u00e3o Ericeira Antiga - Rua Dr. Eduardo Burnay - Ericeira Market\" \/>\n<meta property=\"og:description\" content=\"Venha conhecer a \u201cEriceira Antiga\u201d atrav\u00e9s da objetiva dos primeiros fot\u00f3grafos. Este \u00e9 o mote da exposi\u00e7\u00e3o que est\u00e1 patente na Rua Eduardo Burnay, integrando o esp\u00f3lio de tio e [&hellip;]\" \/>\n<meta property=\"og:url\" content=\"https:\/\/ericeiramarket.pt\/en\/noticias\/exposicao-de-rua-ericeira-antiga\/\" \/>\n<meta property=\"og:site_name\" content=\"Ericeira Market\" \/>\n<meta property=\"article:publisher\" content=\"https:\/\/www.facebook.com\/EriceiraMarket\/\" \/>\n<meta property=\"article:published_time\" content=\"2023-08-03T21:38:47+00:00\" \/>\n<meta property=\"article:modified_time\" content=\"2023-08-03T21:46:26+00:00\" \/>\n<meta property=\"og:image\" content=\"https:\/\/ericeiramarket.pt\/wp-content\/uploads\/2023\/08\/Noticia-EM-3.png\" \/>\n\t<meta property=\"og:image:width\" content=\"800\" \/>\n\t<meta property=\"og:image:height\" content=\"670\" \/>\n\t<meta property=\"og:image:type\" content=\"image\/png\" \/>\n<meta name=\"author\" content=\"Ericeira Market\" \/>\n<meta name=\"twitter:card\" content=\"summary_large_image\" \/>\n<meta name=\"twitter:label1\" content=\"Written by\" \/>\n\t<meta name=\"twitter:data1\" content=\"Ericeira Market\" \/>\n\t<meta name=\"twitter:label2\" content=\"Estimated reading time\" \/>\n\t<meta name=\"twitter:data2\" content=\"1 minute\" \/>\n<script type=\"application\/ld+json\" class=\"yoast-schema-graph\">{\"@context\":\"https:\\\/\\\/schema.org\",\"@graph\":[{\"@type\":\"Article\",\"@id\":\"https:\\\/\\\/ericeiramarket.pt\\\/noticias\\\/exposicao-de-rua-ericeira-antiga\\\/#article\",\"isPartOf\":{\"@id\":\"https:\\\/\\\/ericeiramarket.pt\\\/noticias\\\/exposicao-de-rua-ericeira-antiga\\\/\"},\"author\":{\"name\":\"Ericeira Market\",\"@id\":\"https:\\\/\\\/ericeiramarket.pt\\\/#\\\/schema\\\/person\\\/a8532d4db332ba2ac1e02a786d0692d0\"},\"headline\":\"Exposi\u00e7\u00e3o Ericeira Antiga &#8211; Rua Dr. Eduardo Burnay\",\"datePublished\":\"2023-08-03T21:38:47+00:00\",\"dateModified\":\"2023-08-03T21:46:26+00:00\",\"mainEntityOfPage\":{\"@id\":\"https:\\\/\\\/ericeiramarket.pt\\\/noticias\\\/exposicao-de-rua-ericeira-antiga\\\/\"},\"wordCount\":131,\"publisher\":{\"@id\":\"https:\\\/\\\/ericeiramarket.pt\\\/#organization\"},\"image\":{\"@id\":\"https:\\\/\\\/ericeiramarket.pt\\\/noticias\\\/exposicao-de-rua-ericeira-antiga\\\/#primaryimage\"},\"thumbnailUrl\":\"https:\\\/\\\/ericeiramarket.pt\\\/wp-content\\\/uploads\\\/2023\\\/08\\\/Noticia-EM-3.png\",\"articleSection\":[\"Not\u00edcias\"],\"inLanguage\":\"en-GB\"},{\"@type\":\"WebPage\",\"@id\":\"https:\\\/\\\/ericeiramarket.pt\\\/noticias\\\/exposicao-de-rua-ericeira-antiga\\\/\",\"url\":\"https:\\\/\\\/ericeiramarket.pt\\\/noticias\\\/exposicao-de-rua-ericeira-antiga\\\/\",\"name\":\"Exposi\u00e7\u00e3o Ericeira Antiga - Rua Dr. Eduardo Burnay - Ericeira Market\",\"isPartOf\":{\"@id\":\"https:\\\/\\\/ericeiramarket.pt\\\/#website\"},\"primaryImageOfPage\":{\"@id\":\"https:\\\/\\\/ericeiramarket.pt\\\/noticias\\\/exposicao-de-rua-ericeira-antiga\\\/#primaryimage\"},\"image\":{\"@id\":\"https:\\\/\\\/ericeiramarket.pt\\\/noticias\\\/exposicao-de-rua-ericeira-antiga\\\/#primaryimage\"},\"thumbnailUrl\":\"https:\\\/\\\/ericeiramarket.pt\\\/wp-content\\\/uploads\\\/2023\\\/08\\\/Noticia-EM-3.png\",\"datePublished\":\"2023-08-03T21:38:47+00:00\",\"dateModified\":\"2023-08-03T21:46:26+00:00\",\"breadcrumb\":{\"@id\":\"https:\\\/\\\/ericeiramarket.pt\\\/noticias\\\/exposicao-de-rua-ericeira-antiga\\\/#breadcrumb\"},\"inLanguage\":\"en-GB\",\"potentialAction\":[{\"@type\":\"ReadAction\",\"target\":[\"https:\\\/\\\/ericeiramarket.pt\\\/noticias\\\/exposicao-de-rua-ericeira-antiga\\\/\"]}]},{\"@type\":\"ImageObject\",\"inLanguage\":\"en-GB\",\"@id\":\"https:\\\/\\\/ericeiramarket.pt\\\/noticias\\\/exposicao-de-rua-ericeira-antiga\\\/#primaryimage\",\"url\":\"https:\\\/\\\/ericeiramarket.pt\\\/wp-content\\\/uploads\\\/2023\\\/08\\\/Noticia-EM-3.png\",\"contentUrl\":\"https:\\\/\\\/ericeiramarket.pt\\\/wp-content\\\/uploads\\\/2023\\\/08\\\/Noticia-EM-3.png\",\"width\":800,\"height\":670},{\"@type\":\"BreadcrumbList\",\"@id\":\"https:\\\/\\\/ericeiramarket.pt\\\/noticias\\\/exposicao-de-rua-ericeira-antiga\\\/#breadcrumb\",\"itemListElement\":[{\"@type\":\"ListItem\",\"position\":1,\"name\":\"Home\",\"item\":\"https:\\\/\\\/ericeiramarket.pt\\\/\"},{\"@type\":\"ListItem\",\"position\":2,\"name\":\"Exposi\u00e7\u00e3o Ericeira Antiga &#8211; Rua Dr. Eduardo Burnay\"}]},{\"@type\":\"WebSite\",\"@id\":\"https:\\\/\\\/ericeiramarket.pt\\\/#website\",\"url\":\"https:\\\/\\\/ericeiramarket.pt\\\/\",\"name\":\"Ericeira Market\",\"description\":\"O melhor da Ericeira est\u00e1 aqui!\",\"publisher\":{\"@id\":\"https:\\\/\\\/ericeiramarket.pt\\\/#organization\"},\"potentialAction\":[{\"@type\":\"SearchAction\",\"target\":{\"@type\":\"EntryPoint\",\"urlTemplate\":\"https:\\\/\\\/ericeiramarket.pt\\\/?s={search_term_string}\"},\"query-input\":{\"@type\":\"PropertyValueSpecification\",\"valueRequired\":true,\"valueName\":\"search_term_string\"}}],\"inLanguage\":\"en-GB\"},{\"@type\":\"Organization\",\"@id\":\"https:\\\/\\\/ericeiramarket.pt\\\/#organization\",\"name\":\"Ericeira Market - A Ericeira cabe toda aqui\",\"url\":\"https:\\\/\\\/ericeiramarket.pt\\\/\",\"logo\":{\"@type\":\"ImageObject\",\"inLanguage\":\"en-GB\",\"@id\":\"https:\\\/\\\/ericeiramarket.pt\\\/#\\\/schema\\\/logo\\\/image\\\/\",\"url\":\"https:\\\/\\\/ericeiramarket.pt\\\/wp-content\\\/uploads\\\/2020\\\/09\\\/Asset-4ericeira-market-logos-seo.png\",\"contentUrl\":\"https:\\\/\\\/ericeiramarket.pt\\\/wp-content\\\/uploads\\\/2020\\\/09\\\/Asset-4ericeira-market-logos-seo.png\",\"width\":557,\"height\":566,\"caption\":\"Ericeira Market - A Ericeira cabe toda aqui\"},\"image\":{\"@id\":\"https:\\\/\\\/ericeiramarket.pt\\\/#\\\/schema\\\/logo\\\/image\\\/\"},\"sameAs\":[\"https:\\\/\\\/www.facebook.com\\\/EriceiraMarket\\\/\"]},{\"@type\":\"Person\",\"@id\":\"https:\\\/\\\/ericeiramarket.pt\\\/#\\\/schema\\\/person\\\/a8532d4db332ba2ac1e02a786d0692d0\",\"name\":\"Ericeira Market\",\"image\":{\"@type\":\"ImageObject\",\"inLanguage\":\"en-GB\",\"@id\":\"https:\\\/\\\/secure.gravatar.com\\\/avatar\\\/f43414259cc024130a82ef3a8424acdf017e46833f462c74bb8990f88c297074?s=96&d=mm&r=g\",\"url\":\"https:\\\/\\\/secure.gravatar.com\\\/avatar\\\/f43414259cc024130a82ef3a8424acdf017e46833f462c74bb8990f88c297074?s=96&d=mm&r=g\",\"contentUrl\":\"https:\\\/\\\/secure.gravatar.com\\\/avatar\\\/f43414259cc024130a82ef3a8424acdf017e46833f462c74bb8990f88c297074?s=96&d=mm&r=g\",\"caption\":\"Ericeira Market\"},\"url\":\"https:\\\/\\\/ericeiramarket.pt\\\/en\\\/author\\\/micaelamalheiro\\\/\"}]}<\/script>\n<!-- \/ Yoast SEO plugin. -->","yoast_head_json":{"title":"Old Ericeira Exhibition - Rua Dr Eduardo Burnay - Ericeira Market","robots":{"index":"index","follow":"follow","max-snippet":"max-snippet:-1","max-image-preview":"max-image-preview:large","max-video-preview":"max-video-preview:-1"},"canonical":"https:\/\/ericeiramarket.pt\/en\/noticias\/exposicao-de-rua-ericeira-antiga\/","og_locale":"en_GB","og_type":"article","og_title":"Exposi\u00e7\u00e3o Ericeira Antiga - Rua Dr. Eduardo Burnay - Ericeira Market","og_description":"Venha conhecer a \u201cEriceira Antiga\u201d atrav\u00e9s da objetiva dos primeiros fot\u00f3grafos. Este \u00e9 o mote da exposi\u00e7\u00e3o que est\u00e1 patente na Rua Eduardo Burnay, integrando o esp\u00f3lio de tio e [&hellip;]","og_url":"https:\/\/ericeiramarket.pt\/en\/noticias\/exposicao-de-rua-ericeira-antiga\/","og_site_name":"Ericeira Market","article_publisher":"https:\/\/www.facebook.com\/EriceiraMarket\/","article_published_time":"2023-08-03T21:38:47+00:00","article_modified_time":"2023-08-03T21:46:26+00:00","og_image":[{"width":800,"height":670,"url":"https:\/\/ericeiramarket.pt\/wp-content\/uploads\/2023\/08\/Noticia-EM-3.png","type":"image\/png"}],"author":"Ericeira Market","twitter_card":"summary_large_image","twitter_misc":{"Written by":"Ericeira Market","Estimated reading time":"1 minute"},"schema":{"@context":"https:\/\/schema.org","@graph":[{"@type":"Article","@id":"https:\/\/ericeiramarket.pt\/noticias\/exposicao-de-rua-ericeira-antiga\/#article","isPartOf":{"@id":"https:\/\/ericeiramarket.pt\/noticias\/exposicao-de-rua-ericeira-antiga\/"},"author":{"name":"Ericeira Market","@id":"https:\/\/ericeiramarket.pt\/#\/schema\/person\/a8532d4db332ba2ac1e02a786d0692d0"},"headline":"Exposi\u00e7\u00e3o Ericeira Antiga &#8211; Rua Dr. Eduardo Burnay","datePublished":"2023-08-03T21:38:47+00:00","dateModified":"2023-08-03T21:46:26+00:00","mainEntityOfPage":{"@id":"https:\/\/ericeiramarket.pt\/noticias\/exposicao-de-rua-ericeira-antiga\/"},"wordCount":131,"publisher":{"@id":"https:\/\/ericeiramarket.pt\/#organization"},"image":{"@id":"https:\/\/ericeiramarket.pt\/noticias\/exposicao-de-rua-ericeira-antiga\/#primaryimage"},"thumbnailUrl":"https:\/\/ericeiramarket.pt\/wp-content\/uploads\/2023\/08\/Noticia-EM-3.png","articleSection":["Not\u00edcias"],"inLanguage":"en-GB"},{"@type":"WebPage","@id":"https:\/\/ericeiramarket.pt\/noticias\/exposicao-de-rua-ericeira-antiga\/","url":"https:\/\/ericeiramarket.pt\/noticias\/exposicao-de-rua-ericeira-antiga\/","name":"Old Ericeira Exhibition - Rua Dr Eduardo Burnay - Ericeira Market","isPartOf":{"@id":"https:\/\/ericeiramarket.pt\/#website"},"primaryImageOfPage":{"@id":"https:\/\/ericeiramarket.pt\/noticias\/exposicao-de-rua-ericeira-antiga\/#primaryimage"},"image":{"@id":"https:\/\/ericeiramarket.pt\/noticias\/exposicao-de-rua-ericeira-antiga\/#primaryimage"},"thumbnailUrl":"https:\/\/ericeiramarket.pt\/wp-content\/uploads\/2023\/08\/Noticia-EM-3.png","datePublished":"2023-08-03T21:38:47+00:00","dateModified":"2023-08-03T21:46:26+00:00","breadcrumb":{"@id":"https:\/\/ericeiramarket.pt\/noticias\/exposicao-de-rua-ericeira-antiga\/#breadcrumb"},"inLanguage":"en-GB","potentialAction":[{"@type":"ReadAction","target":["https:\/\/ericeiramarket.pt\/noticias\/exposicao-de-rua-ericeira-antiga\/"]}]},{"@type":"ImageObject","inLanguage":"en-GB","@id":"https:\/\/ericeiramarket.pt\/noticias\/exposicao-de-rua-ericeira-antiga\/#primaryimage","url":"https:\/\/ericeiramarket.pt\/wp-content\/uploads\/2023\/08\/Noticia-EM-3.png","contentUrl":"https:\/\/ericeiramarket.pt\/wp-content\/uploads\/2023\/08\/Noticia-EM-3.png","width":800,"height":670},{"@type":"BreadcrumbList","@id":"https:\/\/ericeiramarket.pt\/noticias\/exposicao-de-rua-ericeira-antiga\/#breadcrumb","itemListElement":[{"@type":"ListItem","position":1,"name":"Home","item":"https:\/\/ericeiramarket.pt\/"},{"@type":"ListItem","position":2,"name":"Exposi\u00e7\u00e3o Ericeira Antiga &#8211; Rua Dr. Eduardo Burnay"}]},{"@type":"WebSite","@id":"https:\/\/ericeiramarket.pt\/#website","url":"https:\/\/ericeiramarket.pt\/","name":"Ericeira Market","description":"The best of Ericeira is here!","publisher":{"@id":"https:\/\/ericeiramarket.pt\/#organization"},"potentialAction":[{"@type":"SearchAction","target":{"@type":"EntryPoint","urlTemplate":"https:\/\/ericeiramarket.pt\/?s={search_term_string}"},"query-input":{"@type":"PropertyValueSpecification","valueRequired":true,"valueName":"search_term_string"}}],"inLanguage":"en-GB"},{"@type":"Organization","@id":"https:\/\/ericeiramarket.pt\/#organization","name":"Ericeira Market - Ericeira fits in here","url":"https:\/\/ericeiramarket.pt\/","logo":{"@type":"ImageObject","inLanguage":"en-GB","@id":"https:\/\/ericeiramarket.pt\/#\/schema\/logo\/image\/","url":"https:\/\/ericeiramarket.pt\/wp-content\/uploads\/2020\/09\/Asset-4ericeira-market-logos-seo.png","contentUrl":"https:\/\/ericeiramarket.pt\/wp-content\/uploads\/2020\/09\/Asset-4ericeira-market-logos-seo.png","width":557,"height":566,"caption":"Ericeira Market - A Ericeira cabe toda aqui"},"image":{"@id":"https:\/\/ericeiramarket.pt\/#\/schema\/logo\/image\/"},"sameAs":["https:\/\/www.facebook.com\/EriceiraMarket\/"]},{"@type":"Person","@id":"https:\/\/ericeiramarket.pt\/#\/schema\/person\/a8532d4db332ba2ac1e02a786d0692d0","name":"Ericeira Market","image":{"@type":"ImageObject","inLanguage":"en-GB","@id":"https:\/\/secure.gravatar.com\/avatar\/f43414259cc024130a82ef3a8424acdf017e46833f462c74bb8990f88c297074?s=96&d=mm&r=g","url":"https:\/\/secure.gravatar.com\/avatar\/f43414259cc024130a82ef3a8424acdf017e46833f462c74bb8990f88c297074?s=96&d=mm&r=g","contentUrl":"https:\/\/secure.gravatar.com\/avatar\/f43414259cc024130a82ef3a8424acdf017e46833f462c74bb8990f88c297074?s=96&d=mm&r=g","caption":"Ericeira Market"},"url":"https:\/\/ericeiramarket.pt\/en\/author\/micaelamalheiro\/"}]}},"_links":{"self":[{"href":"https:\/\/ericeiramarket.pt\/en\/wp-json\/wp\/v2\/posts\/15718","targetHints":{"allow":["GET"]}}],"collection":[{"href":"https:\/\/ericeiramarket.pt\/en\/wp-json\/wp\/v2\/posts"}],"about":[{"href":"https:\/\/ericeiramarket.pt\/en\/wp-json\/wp\/v2\/types\/post"}],"author":[{"embeddable":true,"href":"https:\/\/ericeiramarket.pt\/en\/wp-json\/wp\/v2\/users\/5"}],"replies":[{"embeddable":true,"href":"https:\/\/ericeiramarket.pt\/en\/wp-json\/wp\/v2\/comments?post=15718"}],"version-history":[{"count":0,"href":"https:\/\/ericeiramarket.pt\/en\/wp-json\/wp\/v2\/posts\/15718\/revisions"}],"wp:featuredmedia":[{"embeddable":true,"href":"https:\/\/ericeiramarket.pt\/en\/wp-json\/wp\/v2\/media\/15721"}],"wp:attachment":[{"href":"https:\/\/ericeiramarket.pt\/en\/wp-json\/wp\/v2\/media?parent=15718"}],"wp:term":[{"taxonomy":"category","embeddable":true,"href":"https:\/\/ericeiramarket.pt\/en\/wp-json\/wp\/v2\/categories?post=15718"},{"taxonomy":"post_tag","embeddable":true,"href":"https:\/\/ericeiramarket.pt\/en\/wp-json\/wp\/v2\/tags?post=15718"}],"curies":[{"name":"wp","href":"https:\/\/api.w.org\/{rel}","templated":true}]}}