{"id":11431,"date":"2023-01-13T12:20:15","date_gmt":"2023-01-13T12:20:15","guid":{"rendered":"https:\/\/ericeiramarket.pt\/?p=11431"},"modified":"2023-03-07T11:27:40","modified_gmt":"2023-03-07T11:27:40","slug":"nit-inclui-a-ericeira-na-lista-de-melhores-hoteis-que-abriram-este-ano-em-portugal","status":"publish","type":"post","link":"https:\/\/ericeiramarket.pt\/en\/noticias\/nit-inclui-a-ericeira-na-lista-de-melhores-hoteis-que-abriram-este-ano-em-portugal\/","title":{"rendered":"Nit includes Ericeira in the list of the best hotels that opened this year in Portugal"},"content":{"rendered":"<div data-elementor-type=\"wp-post\" data-elementor-id=\"11431\" class=\"elementor elementor-11431\">\n\t\t\t\t\t\t<section class=\"elementor-section elementor-top-section elementor-element elementor-element-072975c elementor-section-boxed elementor-section-height-default elementor-section-height-default row-top\" data-id=\"072975c\" data-element_type=\"section\" data-e-type=\"section\">\n\t\t\t\t\t\t<div class=\"elementor-container elementor-column-gap-default\">\n\t\t\t\t\t<div class=\"elementor-column elementor-col-100 elementor-top-column elementor-element elementor-element-1c963fd column-style-top\" data-id=\"1c963fd\" data-element_type=\"column\" data-e-type=\"column\">\n\t\t\t<div class=\"elementor-widget-wrap elementor-element-populated\">\n\t\t\t\t\t\t<div class=\"elementor-element elementor-element-c3dc79f elementor-widget-divider--view-line elementor-widget elementor-widget-divider\" data-id=\"c3dc79f\" data-element_type=\"widget\" data-e-type=\"widget\" data-widget_type=\"divider.default\">\n\t\t\t\t<div class=\"elementor-widget-container\">\n\t\t\t\t\t\t\t<div class=\"elementor-divider\">\n\t\t\t<span class=\"elementor-divider-separator\">\n\t\t\t\t\t\t<\/span>\n\t\t<\/div>\n\t\t\t\t\t\t<\/div>\n\t\t\t\t<\/div>\n\t\t\t\t\t<\/div>\n\t\t<\/div>\n\t\t\t\t\t<\/div>\n\t\t<\/section>\n\t\t\t\t<section class=\"elementor-section elementor-top-section elementor-element elementor-element-a2e588d elementor-section-boxed elementor-section-height-default elementor-section-height-default row-top\" data-id=\"a2e588d\" data-element_type=\"section\" data-e-type=\"section\">\n\t\t\t\t\t\t<div class=\"elementor-container elementor-column-gap-default\">\n\t\t\t\t\t<div class=\"elementor-column elementor-col-50 elementor-top-column elementor-element elementor-element-e36a5ac column-style-top\" data-id=\"e36a5ac\" data-element_type=\"column\" data-e-type=\"column\">\n\t\t\t<div class=\"elementor-widget-wrap elementor-element-populated\">\n\t\t\t\t\t\t<div class=\"elementor-element elementor-element-08f8d90 elementor-widget elementor-widget-text-editor\" data-id=\"08f8d90\" data-element_type=\"widget\" data-e-type=\"widget\" data-widget_type=\"text-editor.default\">\n\t\t\t\t<div class=\"elementor-widget-container\">\n\t\t\t\t\t\t\t\t\t<p>In a list drawn up by the NiT website, with the ten best hotels and rural tourism that opened this year in Portugal, Ericeira was highlighted with two hotels by the sea.<\/p><p>Thus highlighting the <em>Aethos<\/em> Ericeira, located in Encarna\u00e7\u00e3o, which offers total serenity to conscientious travellers. Situated on a secluded property surrounded only by nature, it is set on a cliff overlooking the sea.<\/p><p>And also the <em>Immersed<\/em>The house is located closer to Ericeira, Santo Isidoro, with the concept of sustainability, being surrounded by nature, in a green and cosy valley, with a wonderful sea view.<\/p>\t\t\t\t\t\t\t\t<\/div>\n\t\t\t\t<\/div>\n\t\t\t\t\t<\/div>\n\t\t<\/div>\n\t\t\t\t<div class=\"elementor-column elementor-col-50 elementor-top-column elementor-element elementor-element-2d44f21 column-style-top\" data-id=\"2d44f21\" data-element_type=\"column\" data-e-type=\"column\">\n\t\t\t<div class=\"elementor-widget-wrap elementor-element-populated\">\n\t\t\t\t\t\t<div class=\"elementor-element elementor-element-326f95a elementor-widget elementor-widget-button\" data-id=\"326f95a\" data-element_type=\"widget\" data-e-type=\"widget\" data-widget_type=\"button.default\">\n\t\t\t\t<div class=\"elementor-widget-container\">\n\t\t\t\t\t\t\t\t\t<div class=\"elementor-button-wrapper\">\n\t\t\t\t\t<a class=\"elementor-button elementor-button-link elementor-size-sm\" href=\"https:\/\/www.ericeiramag.pt\/nit-inclui-a-ericeira-na-lista-dos-melhores-hoteis-que-abriram-este-ano-em-portugal\/?fbclid=IwAR2iBDro9CbPSoPAW-02CcMrp_7Wd2-ZkTMf-V303rz1PIERboUfPWYdnDI\">\n\t\t\t\t\t\t<span class=\"elementor-button-content-wrapper\">\n\t\t\t\t\t\t\t\t\t<span class=\"elementor-button-text\">Read more<\/span>\n\t\t\t\t\t<\/span>\n\t\t\t\t\t<\/a>\n\t\t\t\t<\/div>\n\t\t\t\t\t\t\t\t<\/div>\n\t\t\t\t<\/div>\n\t\t\t\t\t<\/div>\n\t\t<\/div>\n\t\t\t\t\t<\/div>\n\t\t<\/section>\n\t\t\t\t<section class=\"elementor-section elementor-top-section elementor-element elementor-element-6f8df81 elementor-section-boxed elementor-section-height-default elementor-section-height-default row-top\" data-id=\"6f8df81\" data-element_type=\"section\" data-e-type=\"section\">\n\t\t\t\t\t\t<div class=\"elementor-container elementor-column-gap-default\">\n\t\t\t\t\t<div class=\"elementor-column elementor-col-100 elementor-top-column elementor-element elementor-element-0e58504 column-style-top\" data-id=\"0e58504\" data-element_type=\"column\" data-e-type=\"column\">\n\t\t\t<div class=\"elementor-widget-wrap elementor-element-populated\">\n\t\t\t\t\t\t<div class=\"elementor-element elementor-element-bda450a elementor-widget-divider--view-line elementor-widget elementor-widget-divider\" data-id=\"bda450a\" data-element_type=\"widget\" data-e-type=\"widget\" data-widget_type=\"divider.default\">\n\t\t\t\t<div class=\"elementor-widget-container\">\n\t\t\t\t\t\t\t<div class=\"elementor-divider\">\n\t\t\t<span class=\"elementor-divider-separator\">\n\t\t\t\t\t\t<\/span>\n\t\t<\/div>\n\t\t\t\t\t\t<\/div>\n\t\t\t\t<\/div>\n\t\t\t\t<div class=\"elementor-element elementor-element-c9023ae elementor-position-inline-start elementor-view-default elementor-mobile-position-block-start elementor-widget elementor-widget-icon-box\" data-id=\"c9023ae\" data-element_type=\"widget\" data-e-type=\"widget\" data-widget_type=\"icon-box.default\">\n\t\t\t\t<div class=\"elementor-widget-container\">\n\t\t\t\t\t\t\t<div class=\"elementor-icon-box-wrapper\">\n\n\t\t\t\t\t\t<div class=\"elementor-icon-box-icon\">\n\t\t\t\t<a href=\"https:\/\/ericeiramarket.pt\/en\/empresas\/azul-ericeira-mag\/\" class=\"elementor-icon\" tabindex=\"-1\" aria-label=\"Click Here\">\n\t\t\t\t<i aria-hidden=\"true\" class=\"fi flaticon-shop\"><\/i>\t\t\t\t<\/a>\n\t\t\t<\/div>\n\t\t\t\n\t\t\t\t\t\t<div class=\"elementor-icon-box-content\">\n\n\t\t\t\t\t\t\t\t\t<h3 class=\"elementor-icon-box-title\">\n\t\t\t\t\t\t<a href=\"https:\/\/ericeiramarket.pt\/en\/empresas\/azul-ericeira-mag\/\" >\n\t\t\t\t\t\t\tClick Here\t\t\t\t\t\t<\/a>\n\t\t\t\t\t<\/h3>\n\t\t\t\t\n\t\t\t\t\t\t\t\t\t<p class=\"elementor-icon-box-description\">\n\t\t\t\t\t\tFor more information\t\t\t\t\t<\/p>\n\t\t\t\t\n\t\t\t<\/div>\n\t\t\t\n\t\t<\/div>\n\t\t\t\t\t\t<\/div>\n\t\t\t\t<\/div>\n\t\t\t\t\t<\/div>\n\t\t<\/div>\n\t\t\t\t\t<\/div>\n\t\t<\/section>\n\t\t\t\t<\/div>","protected":false},"excerpt":{"rendered":"<p>Numa lista elaborada pelo website da NiT, com os dez melhores hot\u00e9is e turismos rurais que abriram este ano em Portugal, a Ericeira foi destacada com dois hot\u00e9is \u00e0 beira-mar. [&hellip;]<\/p>\n","protected":false},"author":3,"featured_media":11432,"comment_status":"closed","ping_status":"closed","sticky":false,"template":"","format":"standard","meta":{"footnotes":""},"categories":[181],"tags":[],"class_list":["post-11431","post","type-post","status-publish","format-standard","has-post-thumbnail","hentry","category-noticias"],"yoast_head":"<!-- This site is optimized with the Yoast SEO plugin v27.5 - https:\/\/yoast.com\/product\/yoast-seo-wordpress\/ -->\n<title>Nit inclui a Ericeira na lista dos melhores hot\u00e9is que abriram este ano em Portugal - Ericeira Market<\/title>\n<meta name=\"robots\" content=\"index, follow, max-snippet:-1, max-image-preview:large, max-video-preview:-1\" \/>\n<link rel=\"canonical\" href=\"https:\/\/ericeiramarket.pt\/en\/noticias\/nit-inclui-a-ericeira-na-lista-de-melhores-hoteis-que-abriram-este-ano-em-portugal\/\" \/>\n<meta property=\"og:locale\" content=\"en_GB\" \/>\n<meta property=\"og:type\" content=\"article\" \/>\n<meta property=\"og:title\" content=\"Nit inclui a Ericeira na lista dos melhores hot\u00e9is que abriram este ano em Portugal - Ericeira Market\" \/>\n<meta property=\"og:description\" content=\"Numa lista elaborada pelo website da NiT, com os dez melhores hot\u00e9is e turismos rurais que abriram este ano em Portugal, a Ericeira foi destacada com dois hot\u00e9is \u00e0 beira-mar. [&hellip;]\" \/>\n<meta property=\"og:url\" content=\"https:\/\/ericeiramarket.pt\/en\/noticias\/nit-inclui-a-ericeira-na-lista-de-melhores-hoteis-que-abriram-este-ano-em-portugal\/\" \/>\n<meta property=\"og:site_name\" content=\"Ericeira Market\" \/>\n<meta property=\"article:publisher\" content=\"https:\/\/www.facebook.com\/EriceiraMarket\/\" \/>\n<meta property=\"article:published_time\" content=\"2023-01-13T12:20:15+00:00\" \/>\n<meta property=\"article:modified_time\" content=\"2023-03-07T11:27:40+00:00\" \/>\n<meta property=\"og:image\" content=\"https:\/\/ericeiramarket.pt\/wp-content\/uploads\/2023\/01\/Noticia-EM-1.png\" \/>\n\t<meta property=\"og:image:width\" content=\"657\" \/>\n\t<meta property=\"og:image:height\" content=\"657\" \/>\n\t<meta property=\"og:image:type\" content=\"image\/png\" \/>\n<meta name=\"author\" content=\"Ericeira Market\" \/>\n<meta name=\"twitter:card\" content=\"summary_large_image\" \/>\n<meta name=\"twitter:label1\" content=\"Written by\" \/>\n\t<meta name=\"twitter:data1\" content=\"Ericeira Market\" \/>\n\t<meta name=\"twitter:label2\" content=\"Estimated reading time\" \/>\n\t<meta name=\"twitter:data2\" content=\"1 minute\" \/>\n<script type=\"application\/ld+json\" class=\"yoast-schema-graph\">{\"@context\":\"https:\\\/\\\/schema.org\",\"@graph\":[{\"@type\":\"Article\",\"@id\":\"https:\\\/\\\/ericeiramarket.pt\\\/noticias\\\/nit-inclui-a-ericeira-na-lista-de-melhores-hoteis-que-abriram-este-ano-em-portugal\\\/#article\",\"isPartOf\":{\"@id\":\"https:\\\/\\\/ericeiramarket.pt\\\/noticias\\\/nit-inclui-a-ericeira-na-lista-de-melhores-hoteis-que-abriram-este-ano-em-portugal\\\/\"},\"author\":{\"name\":\"Ericeira Market\",\"@id\":\"https:\\\/\\\/ericeiramarket.pt\\\/#\\\/schema\\\/person\\\/45f83fe4e155ef8432cc0a7cd887d434\"},\"headline\":\"Nit inclui a Ericeira na lista dos melhores hot\u00e9is que abriram este ano em Portugal\",\"datePublished\":\"2023-01-13T12:20:15+00:00\",\"dateModified\":\"2023-03-07T11:27:40+00:00\",\"mainEntityOfPage\":{\"@id\":\"https:\\\/\\\/ericeiramarket.pt\\\/noticias\\\/nit-inclui-a-ericeira-na-lista-de-melhores-hoteis-que-abriram-este-ano-em-portugal\\\/\"},\"wordCount\":120,\"publisher\":{\"@id\":\"https:\\\/\\\/ericeiramarket.pt\\\/#organization\"},\"image\":{\"@id\":\"https:\\\/\\\/ericeiramarket.pt\\\/noticias\\\/nit-inclui-a-ericeira-na-lista-de-melhores-hoteis-que-abriram-este-ano-em-portugal\\\/#primaryimage\"},\"thumbnailUrl\":\"https:\\\/\\\/ericeiramarket.pt\\\/wp-content\\\/uploads\\\/2023\\\/01\\\/Noticia-EM-1.png\",\"articleSection\":[\"Not\u00edcias\"],\"inLanguage\":\"en-GB\"},{\"@type\":\"WebPage\",\"@id\":\"https:\\\/\\\/ericeiramarket.pt\\\/noticias\\\/nit-inclui-a-ericeira-na-lista-de-melhores-hoteis-que-abriram-este-ano-em-portugal\\\/\",\"url\":\"https:\\\/\\\/ericeiramarket.pt\\\/noticias\\\/nit-inclui-a-ericeira-na-lista-de-melhores-hoteis-que-abriram-este-ano-em-portugal\\\/\",\"name\":\"Nit inclui a Ericeira na lista dos melhores hot\u00e9is que abriram este ano em Portugal - Ericeira Market\",\"isPartOf\":{\"@id\":\"https:\\\/\\\/ericeiramarket.pt\\\/#website\"},\"primaryImageOfPage\":{\"@id\":\"https:\\\/\\\/ericeiramarket.pt\\\/noticias\\\/nit-inclui-a-ericeira-na-lista-de-melhores-hoteis-que-abriram-este-ano-em-portugal\\\/#primaryimage\"},\"image\":{\"@id\":\"https:\\\/\\\/ericeiramarket.pt\\\/noticias\\\/nit-inclui-a-ericeira-na-lista-de-melhores-hoteis-que-abriram-este-ano-em-portugal\\\/#primaryimage\"},\"thumbnailUrl\":\"https:\\\/\\\/ericeiramarket.pt\\\/wp-content\\\/uploads\\\/2023\\\/01\\\/Noticia-EM-1.png\",\"datePublished\":\"2023-01-13T12:20:15+00:00\",\"dateModified\":\"2023-03-07T11:27:40+00:00\",\"breadcrumb\":{\"@id\":\"https:\\\/\\\/ericeiramarket.pt\\\/noticias\\\/nit-inclui-a-ericeira-na-lista-de-melhores-hoteis-que-abriram-este-ano-em-portugal\\\/#breadcrumb\"},\"inLanguage\":\"en-GB\",\"potentialAction\":[{\"@type\":\"ReadAction\",\"target\":[\"https:\\\/\\\/ericeiramarket.pt\\\/noticias\\\/nit-inclui-a-ericeira-na-lista-de-melhores-hoteis-que-abriram-este-ano-em-portugal\\\/\"]}]},{\"@type\":\"ImageObject\",\"inLanguage\":\"en-GB\",\"@id\":\"https:\\\/\\\/ericeiramarket.pt\\\/noticias\\\/nit-inclui-a-ericeira-na-lista-de-melhores-hoteis-que-abriram-este-ano-em-portugal\\\/#primaryimage\",\"url\":\"https:\\\/\\\/ericeiramarket.pt\\\/wp-content\\\/uploads\\\/2023\\\/01\\\/Noticia-EM-1.png\",\"contentUrl\":\"https:\\\/\\\/ericeiramarket.pt\\\/wp-content\\\/uploads\\\/2023\\\/01\\\/Noticia-EM-1.png\",\"width\":657,\"height\":657},{\"@type\":\"BreadcrumbList\",\"@id\":\"https:\\\/\\\/ericeiramarket.pt\\\/noticias\\\/nit-inclui-a-ericeira-na-lista-de-melhores-hoteis-que-abriram-este-ano-em-portugal\\\/#breadcrumb\",\"itemListElement\":[{\"@type\":\"ListItem\",\"position\":1,\"name\":\"Home\",\"item\":\"https:\\\/\\\/ericeiramarket.pt\\\/\"},{\"@type\":\"ListItem\",\"position\":2,\"name\":\"Nit inclui a Ericeira na lista dos melhores hot\u00e9is que abriram este ano em Portugal\"}]},{\"@type\":\"WebSite\",\"@id\":\"https:\\\/\\\/ericeiramarket.pt\\\/#website\",\"url\":\"https:\\\/\\\/ericeiramarket.pt\\\/\",\"name\":\"Ericeira Market\",\"description\":\"O melhor da Ericeira est\u00e1 aqui!\",\"publisher\":{\"@id\":\"https:\\\/\\\/ericeiramarket.pt\\\/#organization\"},\"potentialAction\":[{\"@type\":\"SearchAction\",\"target\":{\"@type\":\"EntryPoint\",\"urlTemplate\":\"https:\\\/\\\/ericeiramarket.pt\\\/?s={search_term_string}\"},\"query-input\":{\"@type\":\"PropertyValueSpecification\",\"valueRequired\":true,\"valueName\":\"search_term_string\"}}],\"inLanguage\":\"en-GB\"},{\"@type\":\"Organization\",\"@id\":\"https:\\\/\\\/ericeiramarket.pt\\\/#organization\",\"name\":\"Ericeira Market - A Ericeira cabe toda aqui\",\"url\":\"https:\\\/\\\/ericeiramarket.pt\\\/\",\"logo\":{\"@type\":\"ImageObject\",\"inLanguage\":\"en-GB\",\"@id\":\"https:\\\/\\\/ericeiramarket.pt\\\/#\\\/schema\\\/logo\\\/image\\\/\",\"url\":\"https:\\\/\\\/ericeiramarket.pt\\\/wp-content\\\/uploads\\\/2020\\\/09\\\/Asset-4ericeira-market-logos-seo.png\",\"contentUrl\":\"https:\\\/\\\/ericeiramarket.pt\\\/wp-content\\\/uploads\\\/2020\\\/09\\\/Asset-4ericeira-market-logos-seo.png\",\"width\":557,\"height\":566,\"caption\":\"Ericeira Market - A Ericeira cabe toda aqui\"},\"image\":{\"@id\":\"https:\\\/\\\/ericeiramarket.pt\\\/#\\\/schema\\\/logo\\\/image\\\/\"},\"sameAs\":[\"https:\\\/\\\/www.facebook.com\\\/EriceiraMarket\\\/\"]},{\"@type\":\"Person\",\"@id\":\"https:\\\/\\\/ericeiramarket.pt\\\/#\\\/schema\\\/person\\\/45f83fe4e155ef8432cc0a7cd887d434\",\"name\":\"Ericeira Market\",\"image\":{\"@type\":\"ImageObject\",\"inLanguage\":\"en-GB\",\"@id\":\"https:\\\/\\\/secure.gravatar.com\\\/avatar\\\/9220d95db6f21919243b9fd0ceb02dfa09b7e0834d889bdffb23d885f2348fb3?s=96&d=mm&r=g\",\"url\":\"https:\\\/\\\/secure.gravatar.com\\\/avatar\\\/9220d95db6f21919243b9fd0ceb02dfa09b7e0834d889bdffb23d885f2348fb3?s=96&d=mm&r=g\",\"contentUrl\":\"https:\\\/\\\/secure.gravatar.com\\\/avatar\\\/9220d95db6f21919243b9fd0ceb02dfa09b7e0834d889bdffb23d885f2348fb3?s=96&d=mm&r=g\",\"caption\":\"Ericeira Market\"},\"url\":\"https:\\\/\\\/ericeiramarket.pt\\\/en\\\/author\\\/mafaldajustino\\\/\"}]}<\/script>\n<!-- \/ Yoast SEO plugin. -->","yoast_head_json":{"title":"Nit includes Ericeira in the list of the best hotels that opened this year in Portugal - Ericeira Market","robots":{"index":"index","follow":"follow","max-snippet":"max-snippet:-1","max-image-preview":"max-image-preview:large","max-video-preview":"max-video-preview:-1"},"canonical":"https:\/\/ericeiramarket.pt\/en\/noticias\/nit-inclui-a-ericeira-na-lista-de-melhores-hoteis-que-abriram-este-ano-em-portugal\/","og_locale":"en_GB","og_type":"article","og_title":"Nit inclui a Ericeira na lista dos melhores hot\u00e9is que abriram este ano em Portugal - Ericeira Market","og_description":"Numa lista elaborada pelo website da NiT, com os dez melhores hot\u00e9is e turismos rurais que abriram este ano em Portugal, a Ericeira foi destacada com dois hot\u00e9is \u00e0 beira-mar. [&hellip;]","og_url":"https:\/\/ericeiramarket.pt\/en\/noticias\/nit-inclui-a-ericeira-na-lista-de-melhores-hoteis-que-abriram-este-ano-em-portugal\/","og_site_name":"Ericeira Market","article_publisher":"https:\/\/www.facebook.com\/EriceiraMarket\/","article_published_time":"2023-01-13T12:20:15+00:00","article_modified_time":"2023-03-07T11:27:40+00:00","og_image":[{"width":657,"height":657,"url":"https:\/\/ericeiramarket.pt\/wp-content\/uploads\/2023\/01\/Noticia-EM-1.png","type":"image\/png"}],"author":"Ericeira Market","twitter_card":"summary_large_image","twitter_misc":{"Written by":"Ericeira Market","Estimated reading time":"1 minute"},"schema":{"@context":"https:\/\/schema.org","@graph":[{"@type":"Article","@id":"https:\/\/ericeiramarket.pt\/noticias\/nit-inclui-a-ericeira-na-lista-de-melhores-hoteis-que-abriram-este-ano-em-portugal\/#article","isPartOf":{"@id":"https:\/\/ericeiramarket.pt\/noticias\/nit-inclui-a-ericeira-na-lista-de-melhores-hoteis-que-abriram-este-ano-em-portugal\/"},"author":{"name":"Ericeira Market","@id":"https:\/\/ericeiramarket.pt\/#\/schema\/person\/45f83fe4e155ef8432cc0a7cd887d434"},"headline":"Nit inclui a Ericeira na lista dos melhores hot\u00e9is que abriram este ano em Portugal","datePublished":"2023-01-13T12:20:15+00:00","dateModified":"2023-03-07T11:27:40+00:00","mainEntityOfPage":{"@id":"https:\/\/ericeiramarket.pt\/noticias\/nit-inclui-a-ericeira-na-lista-de-melhores-hoteis-que-abriram-este-ano-em-portugal\/"},"wordCount":120,"publisher":{"@id":"https:\/\/ericeiramarket.pt\/#organization"},"image":{"@id":"https:\/\/ericeiramarket.pt\/noticias\/nit-inclui-a-ericeira-na-lista-de-melhores-hoteis-que-abriram-este-ano-em-portugal\/#primaryimage"},"thumbnailUrl":"https:\/\/ericeiramarket.pt\/wp-content\/uploads\/2023\/01\/Noticia-EM-1.png","articleSection":["Not\u00edcias"],"inLanguage":"en-GB"},{"@type":"WebPage","@id":"https:\/\/ericeiramarket.pt\/noticias\/nit-inclui-a-ericeira-na-lista-de-melhores-hoteis-que-abriram-este-ano-em-portugal\/","url":"https:\/\/ericeiramarket.pt\/noticias\/nit-inclui-a-ericeira-na-lista-de-melhores-hoteis-que-abriram-este-ano-em-portugal\/","name":"Nit includes Ericeira in the list of the best hotels that opened this year in Portugal - Ericeira Market","isPartOf":{"@id":"https:\/\/ericeiramarket.pt\/#website"},"primaryImageOfPage":{"@id":"https:\/\/ericeiramarket.pt\/noticias\/nit-inclui-a-ericeira-na-lista-de-melhores-hoteis-que-abriram-este-ano-em-portugal\/#primaryimage"},"image":{"@id":"https:\/\/ericeiramarket.pt\/noticias\/nit-inclui-a-ericeira-na-lista-de-melhores-hoteis-que-abriram-este-ano-em-portugal\/#primaryimage"},"thumbnailUrl":"https:\/\/ericeiramarket.pt\/wp-content\/uploads\/2023\/01\/Noticia-EM-1.png","datePublished":"2023-01-13T12:20:15+00:00","dateModified":"2023-03-07T11:27:40+00:00","breadcrumb":{"@id":"https:\/\/ericeiramarket.pt\/noticias\/nit-inclui-a-ericeira-na-lista-de-melhores-hoteis-que-abriram-este-ano-em-portugal\/#breadcrumb"},"inLanguage":"en-GB","potentialAction":[{"@type":"ReadAction","target":["https:\/\/ericeiramarket.pt\/noticias\/nit-inclui-a-ericeira-na-lista-de-melhores-hoteis-que-abriram-este-ano-em-portugal\/"]}]},{"@type":"ImageObject","inLanguage":"en-GB","@id":"https:\/\/ericeiramarket.pt\/noticias\/nit-inclui-a-ericeira-na-lista-de-melhores-hoteis-que-abriram-este-ano-em-portugal\/#primaryimage","url":"https:\/\/ericeiramarket.pt\/wp-content\/uploads\/2023\/01\/Noticia-EM-1.png","contentUrl":"https:\/\/ericeiramarket.pt\/wp-content\/uploads\/2023\/01\/Noticia-EM-1.png","width":657,"height":657},{"@type":"BreadcrumbList","@id":"https:\/\/ericeiramarket.pt\/noticias\/nit-inclui-a-ericeira-na-lista-de-melhores-hoteis-que-abriram-este-ano-em-portugal\/#breadcrumb","itemListElement":[{"@type":"ListItem","position":1,"name":"Home","item":"https:\/\/ericeiramarket.pt\/"},{"@type":"ListItem","position":2,"name":"Nit inclui a Ericeira na lista dos melhores hot\u00e9is que abriram este ano em Portugal"}]},{"@type":"WebSite","@id":"https:\/\/ericeiramarket.pt\/#website","url":"https:\/\/ericeiramarket.pt\/","name":"Ericeira Market","description":"The best of Ericeira is here!","publisher":{"@id":"https:\/\/ericeiramarket.pt\/#organization"},"potentialAction":[{"@type":"SearchAction","target":{"@type":"EntryPoint","urlTemplate":"https:\/\/ericeiramarket.pt\/?s={search_term_string}"},"query-input":{"@type":"PropertyValueSpecification","valueRequired":true,"valueName":"search_term_string"}}],"inLanguage":"en-GB"},{"@type":"Organization","@id":"https:\/\/ericeiramarket.pt\/#organization","name":"Ericeira Market - Ericeira fits in here","url":"https:\/\/ericeiramarket.pt\/","logo":{"@type":"ImageObject","inLanguage":"en-GB","@id":"https:\/\/ericeiramarket.pt\/#\/schema\/logo\/image\/","url":"https:\/\/ericeiramarket.pt\/wp-content\/uploads\/2020\/09\/Asset-4ericeira-market-logos-seo.png","contentUrl":"https:\/\/ericeiramarket.pt\/wp-content\/uploads\/2020\/09\/Asset-4ericeira-market-logos-seo.png","width":557,"height":566,"caption":"Ericeira Market - A Ericeira cabe toda aqui"},"image":{"@id":"https:\/\/ericeiramarket.pt\/#\/schema\/logo\/image\/"},"sameAs":["https:\/\/www.facebook.com\/EriceiraMarket\/"]},{"@type":"Person","@id":"https:\/\/ericeiramarket.pt\/#\/schema\/person\/45f83fe4e155ef8432cc0a7cd887d434","name":"Ericeira Market","image":{"@type":"ImageObject","inLanguage":"en-GB","@id":"https:\/\/secure.gravatar.com\/avatar\/9220d95db6f21919243b9fd0ceb02dfa09b7e0834d889bdffb23d885f2348fb3?s=96&d=mm&r=g","url":"https:\/\/secure.gravatar.com\/avatar\/9220d95db6f21919243b9fd0ceb02dfa09b7e0834d889bdffb23d885f2348fb3?s=96&d=mm&r=g","contentUrl":"https:\/\/secure.gravatar.com\/avatar\/9220d95db6f21919243b9fd0ceb02dfa09b7e0834d889bdffb23d885f2348fb3?s=96&d=mm&r=g","caption":"Ericeira Market"},"url":"https:\/\/ericeiramarket.pt\/en\/author\/mafaldajustino\/"}]}},"_links":{"self":[{"href":"https:\/\/ericeiramarket.pt\/en\/wp-json\/wp\/v2\/posts\/11431","targetHints":{"allow":["GET"]}}],"collection":[{"href":"https:\/\/ericeiramarket.pt\/en\/wp-json\/wp\/v2\/posts"}],"about":[{"href":"https:\/\/ericeiramarket.pt\/en\/wp-json\/wp\/v2\/types\/post"}],"author":[{"embeddable":true,"href":"https:\/\/ericeiramarket.pt\/en\/wp-json\/wp\/v2\/users\/3"}],"replies":[{"embeddable":true,"href":"https:\/\/ericeiramarket.pt\/en\/wp-json\/wp\/v2\/comments?post=11431"}],"version-history":[{"count":0,"href":"https:\/\/ericeiramarket.pt\/en\/wp-json\/wp\/v2\/posts\/11431\/revisions"}],"wp:featuredmedia":[{"embeddable":true,"href":"https:\/\/ericeiramarket.pt\/en\/wp-json\/wp\/v2\/media\/11432"}],"wp:attachment":[{"href":"https:\/\/ericeiramarket.pt\/en\/wp-json\/wp\/v2\/media?parent=11431"}],"wp:term":[{"taxonomy":"category","embeddable":true,"href":"https:\/\/ericeiramarket.pt\/en\/wp-json\/wp\/v2\/categories?post=11431"},{"taxonomy":"post_tag","embeddable":true,"href":"https:\/\/ericeiramarket.pt\/en\/wp-json\/wp\/v2\/tags?post=11431"}],"curies":[{"name":"wp","href":"https:\/\/api.w.org\/{rel}","templated":true}]}}