{"id":10515,"date":"2022-10-10T13:43:46","date_gmt":"2022-10-10T12:43:46","guid":{"rendered":"https:\/\/ericeiramarket.pt\/?p=10515"},"modified":"2023-03-07T11:18:20","modified_gmt":"2023-03-07T11:18:20","slug":"balagan-destacada-pela-nit","status":"publish","type":"post","link":"https:\/\/ericeiramarket.pt\/en\/noticias\/balagan-destacada-pela-nit\/","title":{"rendered":"Balagan highlighted by NiT !"},"content":{"rendered":"<div data-elementor-type=\"wp-post\" data-elementor-id=\"10515\" class=\"elementor elementor-10515\">\n\t\t\t\t\t\t<section class=\"elementor-section elementor-top-section elementor-element elementor-element-072975c elementor-section-boxed elementor-section-height-default elementor-section-height-default row-top\" data-id=\"072975c\" data-element_type=\"section\" data-e-type=\"section\">\n\t\t\t\t\t\t<div class=\"elementor-container elementor-column-gap-default\">\n\t\t\t\t\t<div class=\"elementor-column elementor-col-100 elementor-top-column elementor-element elementor-element-1c963fd column-style-top\" data-id=\"1c963fd\" data-element_type=\"column\" data-e-type=\"column\">\n\t\t\t<div class=\"elementor-widget-wrap elementor-element-populated\">\n\t\t\t\t\t\t<div class=\"elementor-element elementor-element-c3dc79f elementor-widget-divider--view-line elementor-widget elementor-widget-divider\" data-id=\"c3dc79f\" data-element_type=\"widget\" data-e-type=\"widget\" data-widget_type=\"divider.default\">\n\t\t\t\t<div class=\"elementor-widget-container\">\n\t\t\t\t\t\t\t<div class=\"elementor-divider\">\n\t\t\t<span class=\"elementor-divider-separator\">\n\t\t\t\t\t\t<\/span>\n\t\t<\/div>\n\t\t\t\t\t\t<\/div>\n\t\t\t\t<\/div>\n\t\t\t\t\t<\/div>\n\t\t<\/div>\n\t\t\t\t\t<\/div>\n\t\t<\/section>\n\t\t\t\t<section class=\"elementor-section elementor-top-section elementor-element elementor-element-a2e588d elementor-section-boxed elementor-section-height-default elementor-section-height-default row-top\" data-id=\"a2e588d\" data-element_type=\"section\" data-e-type=\"section\">\n\t\t\t\t\t\t<div class=\"elementor-container elementor-column-gap-default\">\n\t\t\t\t\t<div class=\"elementor-column elementor-col-50 elementor-top-column elementor-element elementor-element-e36a5ac column-style-top\" data-id=\"e36a5ac\" data-element_type=\"column\" data-e-type=\"column\">\n\t\t\t<div class=\"elementor-widget-wrap elementor-element-populated\">\n\t\t\t\t\t\t<div class=\"elementor-element elementor-element-08f8d90 elementor-widget elementor-widget-text-editor\" data-id=\"08f8d90\" data-element_type=\"widget\" data-e-type=\"widget\" data-widget_type=\"text-editor.default\">\n\t\t\t\t<div class=\"elementor-widget-container\">\n\t\t\t\t\t\t\t\t\t<div class=\"summary widget_field\"><div class=\"widget_value\"><div class=\"writer_text\"><div class=\"writer_text_clear\"><div class=\"schedule widget_field\"><div class=\"widget_value\"><div class=\"writer_text\">\u00a0<\/div><\/div><\/div><div class=\"location widget_field\"><div class=\"widget_value\"><div class=\"writer_text\"><p>When, in the summer of 2016, Austrian Katharina Grafl (36) headed to Ericeira for a well-earned holiday, she never imagined she would fall in love with the destination to the point of never wanting to return home. Even so, when the moment of departure arrived, she packed her bags to return to her home country, where she worked in tourism.<\/p><p>Getting a job at PortugalSurfCamp, a hostel he would come to run for two years, reinforced his desire to extend his stay. In February 2019, he joined the Selina team, in which he stayed for a year. \"When the contract was about to be renewed and I was going to return to Austria for a project the group had there, the pandemic broke out and those plans ended up not coming to fruition. I then saw the opportunity to start a business of my own.\"<\/p><p>He created Balagan, where Middle Eastern flavours are the main protagonists. \"At the time, it seemed to me that this cuisine wasn't very well explored in the country. Only a few specific restaurants in Lisbon, others in Oporto, but nothing in terms of representing the gastronomies of this region. As it was something I really enjoyed and something I missed, I decided to invest in it, not least because the products needed to put it into practice are easily found locally.\"<\/p><\/div><\/div><\/div><\/div><\/div><\/div><\/div>\t\t\t\t\t\t\t\t<\/div>\n\t\t\t\t<\/div>\n\t\t\t\t\t<\/div>\n\t\t<\/div>\n\t\t\t\t<div class=\"elementor-column elementor-col-50 elementor-top-column elementor-element elementor-element-2d44f21 column-style-top\" data-id=\"2d44f21\" data-element_type=\"column\" data-e-type=\"column\">\n\t\t\t<div class=\"elementor-widget-wrap elementor-element-populated\">\n\t\t\t\t\t\t<div class=\"elementor-element elementor-element-5913bb1 elementor-widget elementor-widget-spacer\" data-id=\"5913bb1\" data-element_type=\"widget\" data-e-type=\"widget\" data-widget_type=\"spacer.default\">\n\t\t\t\t<div class=\"elementor-widget-container\">\n\t\t\t\t\t\t\t<div class=\"elementor-spacer\">\n\t\t\t<div class=\"elementor-spacer-inner\"><\/div>\n\t\t<\/div>\n\t\t\t\t\t\t<\/div>\n\t\t\t\t<\/div>\n\t\t\t\t\t<\/div>\n\t\t<\/div>\n\t\t\t\t\t<\/div>\n\t\t<\/section>\n\t\t\t\t<section class=\"elementor-section elementor-top-section elementor-element elementor-element-6f8df81 elementor-section-boxed elementor-section-height-default elementor-section-height-default row-top\" data-id=\"6f8df81\" data-element_type=\"section\" data-e-type=\"section\">\n\t\t\t\t\t\t<div class=\"elementor-container elementor-column-gap-default\">\n\t\t\t\t\t<div class=\"elementor-column elementor-col-100 elementor-top-column elementor-element elementor-element-0e58504 column-style-top\" data-id=\"0e58504\" data-element_type=\"column\" data-e-type=\"column\">\n\t\t\t<div class=\"elementor-widget-wrap elementor-element-populated\">\n\t\t\t\t\t\t<div class=\"elementor-element elementor-element-bda450a elementor-widget-divider--view-line elementor-widget elementor-widget-divider\" data-id=\"bda450a\" data-element_type=\"widget\" data-e-type=\"widget\" data-widget_type=\"divider.default\">\n\t\t\t\t<div class=\"elementor-widget-container\">\n\t\t\t\t\t\t\t<div class=\"elementor-divider\">\n\t\t\t<span class=\"elementor-divider-separator\">\n\t\t\t\t\t\t<\/span>\n\t\t<\/div>\n\t\t\t\t\t\t<\/div>\n\t\t\t\t<\/div>\n\t\t\t\t<div class=\"elementor-element elementor-element-c9023ae elementor-position-inline-start elementor-view-default elementor-mobile-position-block-start elementor-widget elementor-widget-icon-box\" data-id=\"c9023ae\" data-element_type=\"widget\" data-e-type=\"widget\" data-widget_type=\"icon-box.default\">\n\t\t\t\t<div class=\"elementor-widget-container\">\n\t\t\t\t\t\t\t<div class=\"elementor-icon-box-wrapper\">\n\n\t\t\t\t\t\t<div class=\"elementor-icon-box-icon\">\n\t\t\t\t<a href=\"https:\/\/ericeiramarket.pt\/en\/empresas\/balagan-ericeira\/\" class=\"elementor-icon\" tabindex=\"-1\" aria-label=\"Click Here\">\n\t\t\t\t<i aria-hidden=\"true\" class=\"fi flaticon-shop\"><\/i>\t\t\t\t<\/a>\n\t\t\t<\/div>\n\t\t\t\n\t\t\t\t\t\t<div class=\"elementor-icon-box-content\">\n\n\t\t\t\t\t\t\t\t\t<h3 class=\"elementor-icon-box-title\">\n\t\t\t\t\t\t<a href=\"https:\/\/ericeiramarket.pt\/en\/empresas\/balagan-ericeira\/\" >\n\t\t\t\t\t\t\tClick Here\t\t\t\t\t\t<\/a>\n\t\t\t\t\t<\/h3>\n\t\t\t\t\n\t\t\t\t\t\t\t\t\t<p class=\"elementor-icon-box-description\">\n\t\t\t\t\t\tfor more information about this business\t\t\t\t\t<\/p>\n\t\t\t\t\n\t\t\t<\/div>\n\t\t\t\n\t\t<\/div>\n\t\t\t\t\t\t<\/div>\n\t\t\t\t<\/div>\n\t\t\t\t\t<\/div>\n\t\t<\/div>\n\t\t\t\t\t<\/div>\n\t\t<\/section>\n\t\t\t\t<\/div>","protected":false},"excerpt":{"rendered":"<p>\u00a0 Quando, no ver\u00e3o de 2016, a austr\u00edaca Katharina Grafl (36 anos) rumou em dire\u00e7\u00e3o \u00e0 Ericeira para umas merecidas f\u00e9rias, estava longe de imaginar que se iria apaixonar pelo [&hellip;]<\/p>\n","protected":false},"author":5,"featured_media":10535,"comment_status":"closed","ping_status":"closed","sticky":false,"template":"","format":"standard","meta":{"footnotes":""},"categories":[181],"tags":[],"class_list":["post-10515","post","type-post","status-publish","format-standard","has-post-thumbnail","hentry","category-noticias"],"yoast_head":"<!-- This site is optimized with the Yoast SEO plugin v27.5 - https:\/\/yoast.com\/product\/yoast-seo-wordpress\/ -->\n<title>Balagan destacada pela NiT !! - Ericeira Market<\/title>\n<meta name=\"robots\" content=\"index, follow, max-snippet:-1, max-image-preview:large, max-video-preview:-1\" \/>\n<link rel=\"canonical\" href=\"https:\/\/ericeiramarket.pt\/en\/noticias\/balagan-destacada-pela-nit\/\" \/>\n<meta property=\"og:locale\" content=\"en_GB\" \/>\n<meta property=\"og:type\" content=\"article\" \/>\n<meta property=\"og:title\" content=\"Balagan destacada pela NiT !! - Ericeira Market\" \/>\n<meta property=\"og:description\" content=\"\u00a0 Quando, no ver\u00e3o de 2016, a austr\u00edaca Katharina Grafl (36 anos) rumou em dire\u00e7\u00e3o \u00e0 Ericeira para umas merecidas f\u00e9rias, estava longe de imaginar que se iria apaixonar pelo [&hellip;]\" \/>\n<meta property=\"og:url\" content=\"https:\/\/ericeiramarket.pt\/en\/noticias\/balagan-destacada-pela-nit\/\" \/>\n<meta property=\"og:site_name\" content=\"Ericeira Market\" \/>\n<meta property=\"article:publisher\" content=\"https:\/\/www.facebook.com\/EriceiraMarket\/\" \/>\n<meta property=\"article:published_time\" content=\"2022-10-10T12:43:46+00:00\" \/>\n<meta property=\"article:modified_time\" content=\"2023-03-07T11:18:20+00:00\" \/>\n<meta property=\"og:image\" content=\"https:\/\/ericeiramarket.pt\/wp-content\/uploads\/2022\/10\/Noticias-EM-22.png\" \/>\n\t<meta property=\"og:image:width\" content=\"657\" \/>\n\t<meta property=\"og:image:height\" content=\"657\" \/>\n\t<meta property=\"og:image:type\" content=\"image\/png\" \/>\n<meta name=\"author\" content=\"Ericeira Market\" \/>\n<meta name=\"twitter:card\" content=\"summary_large_image\" \/>\n<meta name=\"twitter:label1\" content=\"Written by\" \/>\n\t<meta name=\"twitter:data1\" content=\"Ericeira Market\" \/>\n\t<meta name=\"twitter:label2\" content=\"Estimated reading time\" \/>\n\t<meta name=\"twitter:data2\" content=\"1 minute\" \/>\n<script type=\"application\/ld+json\" class=\"yoast-schema-graph\">{\"@context\":\"https:\\\/\\\/schema.org\",\"@graph\":[{\"@type\":\"Article\",\"@id\":\"https:\\\/\\\/ericeiramarket.pt\\\/noticias\\\/balagan-destacada-pela-nit\\\/#article\",\"isPartOf\":{\"@id\":\"https:\\\/\\\/ericeiramarket.pt\\\/noticias\\\/balagan-destacada-pela-nit\\\/\"},\"author\":{\"name\":\"Ericeira Market\",\"@id\":\"https:\\\/\\\/ericeiramarket.pt\\\/#\\\/schema\\\/person\\\/a8532d4db332ba2ac1e02a786d0692d0\"},\"headline\":\"Balagan destacada pela NiT !!\",\"datePublished\":\"2022-10-10T12:43:46+00:00\",\"dateModified\":\"2023-03-07T11:18:20+00:00\",\"mainEntityOfPage\":{\"@id\":\"https:\\\/\\\/ericeiramarket.pt\\\/noticias\\\/balagan-destacada-pela-nit\\\/\"},\"wordCount\":249,\"publisher\":{\"@id\":\"https:\\\/\\\/ericeiramarket.pt\\\/#organization\"},\"image\":{\"@id\":\"https:\\\/\\\/ericeiramarket.pt\\\/noticias\\\/balagan-destacada-pela-nit\\\/#primaryimage\"},\"thumbnailUrl\":\"https:\\\/\\\/ericeiramarket.pt\\\/wp-content\\\/uploads\\\/2022\\\/10\\\/Noticias-EM-22.png\",\"articleSection\":[\"Not\u00edcias\"],\"inLanguage\":\"en-GB\"},{\"@type\":\"WebPage\",\"@id\":\"https:\\\/\\\/ericeiramarket.pt\\\/noticias\\\/balagan-destacada-pela-nit\\\/\",\"url\":\"https:\\\/\\\/ericeiramarket.pt\\\/noticias\\\/balagan-destacada-pela-nit\\\/\",\"name\":\"Balagan destacada pela NiT !! - Ericeira Market\",\"isPartOf\":{\"@id\":\"https:\\\/\\\/ericeiramarket.pt\\\/#website\"},\"primaryImageOfPage\":{\"@id\":\"https:\\\/\\\/ericeiramarket.pt\\\/noticias\\\/balagan-destacada-pela-nit\\\/#primaryimage\"},\"image\":{\"@id\":\"https:\\\/\\\/ericeiramarket.pt\\\/noticias\\\/balagan-destacada-pela-nit\\\/#primaryimage\"},\"thumbnailUrl\":\"https:\\\/\\\/ericeiramarket.pt\\\/wp-content\\\/uploads\\\/2022\\\/10\\\/Noticias-EM-22.png\",\"datePublished\":\"2022-10-10T12:43:46+00:00\",\"dateModified\":\"2023-03-07T11:18:20+00:00\",\"breadcrumb\":{\"@id\":\"https:\\\/\\\/ericeiramarket.pt\\\/noticias\\\/balagan-destacada-pela-nit\\\/#breadcrumb\"},\"inLanguage\":\"en-GB\",\"potentialAction\":[{\"@type\":\"ReadAction\",\"target\":[\"https:\\\/\\\/ericeiramarket.pt\\\/noticias\\\/balagan-destacada-pela-nit\\\/\"]}]},{\"@type\":\"ImageObject\",\"inLanguage\":\"en-GB\",\"@id\":\"https:\\\/\\\/ericeiramarket.pt\\\/noticias\\\/balagan-destacada-pela-nit\\\/#primaryimage\",\"url\":\"https:\\\/\\\/ericeiramarket.pt\\\/wp-content\\\/uploads\\\/2022\\\/10\\\/Noticias-EM-22.png\",\"contentUrl\":\"https:\\\/\\\/ericeiramarket.pt\\\/wp-content\\\/uploads\\\/2022\\\/10\\\/Noticias-EM-22.png\",\"width\":657,\"height\":657},{\"@type\":\"BreadcrumbList\",\"@id\":\"https:\\\/\\\/ericeiramarket.pt\\\/noticias\\\/balagan-destacada-pela-nit\\\/#breadcrumb\",\"itemListElement\":[{\"@type\":\"ListItem\",\"position\":1,\"name\":\"Home\",\"item\":\"https:\\\/\\\/ericeiramarket.pt\\\/\"},{\"@type\":\"ListItem\",\"position\":2,\"name\":\"Balagan destacada pela NiT !!\"}]},{\"@type\":\"WebSite\",\"@id\":\"https:\\\/\\\/ericeiramarket.pt\\\/#website\",\"url\":\"https:\\\/\\\/ericeiramarket.pt\\\/\",\"name\":\"Ericeira Market\",\"description\":\"O melhor da Ericeira est\u00e1 aqui!\",\"publisher\":{\"@id\":\"https:\\\/\\\/ericeiramarket.pt\\\/#organization\"},\"potentialAction\":[{\"@type\":\"SearchAction\",\"target\":{\"@type\":\"EntryPoint\",\"urlTemplate\":\"https:\\\/\\\/ericeiramarket.pt\\\/?s={search_term_string}\"},\"query-input\":{\"@type\":\"PropertyValueSpecification\",\"valueRequired\":true,\"valueName\":\"search_term_string\"}}],\"inLanguage\":\"en-GB\"},{\"@type\":\"Organization\",\"@id\":\"https:\\\/\\\/ericeiramarket.pt\\\/#organization\",\"name\":\"Ericeira Market - A Ericeira cabe toda aqui\",\"url\":\"https:\\\/\\\/ericeiramarket.pt\\\/\",\"logo\":{\"@type\":\"ImageObject\",\"inLanguage\":\"en-GB\",\"@id\":\"https:\\\/\\\/ericeiramarket.pt\\\/#\\\/schema\\\/logo\\\/image\\\/\",\"url\":\"https:\\\/\\\/ericeiramarket.pt\\\/wp-content\\\/uploads\\\/2020\\\/09\\\/Asset-4ericeira-market-logos-seo.png\",\"contentUrl\":\"https:\\\/\\\/ericeiramarket.pt\\\/wp-content\\\/uploads\\\/2020\\\/09\\\/Asset-4ericeira-market-logos-seo.png\",\"width\":557,\"height\":566,\"caption\":\"Ericeira Market - A Ericeira cabe toda aqui\"},\"image\":{\"@id\":\"https:\\\/\\\/ericeiramarket.pt\\\/#\\\/schema\\\/logo\\\/image\\\/\"},\"sameAs\":[\"https:\\\/\\\/www.facebook.com\\\/EriceiraMarket\\\/\"]},{\"@type\":\"Person\",\"@id\":\"https:\\\/\\\/ericeiramarket.pt\\\/#\\\/schema\\\/person\\\/a8532d4db332ba2ac1e02a786d0692d0\",\"name\":\"Ericeira Market\",\"image\":{\"@type\":\"ImageObject\",\"inLanguage\":\"en-GB\",\"@id\":\"https:\\\/\\\/secure.gravatar.com\\\/avatar\\\/f43414259cc024130a82ef3a8424acdf017e46833f462c74bb8990f88c297074?s=96&d=mm&r=g\",\"url\":\"https:\\\/\\\/secure.gravatar.com\\\/avatar\\\/f43414259cc024130a82ef3a8424acdf017e46833f462c74bb8990f88c297074?s=96&d=mm&r=g\",\"contentUrl\":\"https:\\\/\\\/secure.gravatar.com\\\/avatar\\\/f43414259cc024130a82ef3a8424acdf017e46833f462c74bb8990f88c297074?s=96&d=mm&r=g\",\"caption\":\"Ericeira Market\"},\"url\":\"https:\\\/\\\/ericeiramarket.pt\\\/en\\\/author\\\/micaelamalheiro\\\/\"}]}<\/script>\n<!-- \/ Yoast SEO plugin. -->","yoast_head_json":{"title":"Balagan highlighted by NiT !!! - Ericeira Market","robots":{"index":"index","follow":"follow","max-snippet":"max-snippet:-1","max-image-preview":"max-image-preview:large","max-video-preview":"max-video-preview:-1"},"canonical":"https:\/\/ericeiramarket.pt\/en\/noticias\/balagan-destacada-pela-nit\/","og_locale":"en_GB","og_type":"article","og_title":"Balagan destacada pela NiT !! - Ericeira Market","og_description":"\u00a0 Quando, no ver\u00e3o de 2016, a austr\u00edaca Katharina Grafl (36 anos) rumou em dire\u00e7\u00e3o \u00e0 Ericeira para umas merecidas f\u00e9rias, estava longe de imaginar que se iria apaixonar pelo [&hellip;]","og_url":"https:\/\/ericeiramarket.pt\/en\/noticias\/balagan-destacada-pela-nit\/","og_site_name":"Ericeira Market","article_publisher":"https:\/\/www.facebook.com\/EriceiraMarket\/","article_published_time":"2022-10-10T12:43:46+00:00","article_modified_time":"2023-03-07T11:18:20+00:00","og_image":[{"width":657,"height":657,"url":"https:\/\/ericeiramarket.pt\/wp-content\/uploads\/2022\/10\/Noticias-EM-22.png","type":"image\/png"}],"author":"Ericeira Market","twitter_card":"summary_large_image","twitter_misc":{"Written by":"Ericeira Market","Estimated reading time":"1 minute"},"schema":{"@context":"https:\/\/schema.org","@graph":[{"@type":"Article","@id":"https:\/\/ericeiramarket.pt\/noticias\/balagan-destacada-pela-nit\/#article","isPartOf":{"@id":"https:\/\/ericeiramarket.pt\/noticias\/balagan-destacada-pela-nit\/"},"author":{"name":"Ericeira Market","@id":"https:\/\/ericeiramarket.pt\/#\/schema\/person\/a8532d4db332ba2ac1e02a786d0692d0"},"headline":"Balagan destacada pela NiT !!","datePublished":"2022-10-10T12:43:46+00:00","dateModified":"2023-03-07T11:18:20+00:00","mainEntityOfPage":{"@id":"https:\/\/ericeiramarket.pt\/noticias\/balagan-destacada-pela-nit\/"},"wordCount":249,"publisher":{"@id":"https:\/\/ericeiramarket.pt\/#organization"},"image":{"@id":"https:\/\/ericeiramarket.pt\/noticias\/balagan-destacada-pela-nit\/#primaryimage"},"thumbnailUrl":"https:\/\/ericeiramarket.pt\/wp-content\/uploads\/2022\/10\/Noticias-EM-22.png","articleSection":["Not\u00edcias"],"inLanguage":"en-GB"},{"@type":"WebPage","@id":"https:\/\/ericeiramarket.pt\/noticias\/balagan-destacada-pela-nit\/","url":"https:\/\/ericeiramarket.pt\/noticias\/balagan-destacada-pela-nit\/","name":"Balagan highlighted by NiT !!! - Ericeira Market","isPartOf":{"@id":"https:\/\/ericeiramarket.pt\/#website"},"primaryImageOfPage":{"@id":"https:\/\/ericeiramarket.pt\/noticias\/balagan-destacada-pela-nit\/#primaryimage"},"image":{"@id":"https:\/\/ericeiramarket.pt\/noticias\/balagan-destacada-pela-nit\/#primaryimage"},"thumbnailUrl":"https:\/\/ericeiramarket.pt\/wp-content\/uploads\/2022\/10\/Noticias-EM-22.png","datePublished":"2022-10-10T12:43:46+00:00","dateModified":"2023-03-07T11:18:20+00:00","breadcrumb":{"@id":"https:\/\/ericeiramarket.pt\/noticias\/balagan-destacada-pela-nit\/#breadcrumb"},"inLanguage":"en-GB","potentialAction":[{"@type":"ReadAction","target":["https:\/\/ericeiramarket.pt\/noticias\/balagan-destacada-pela-nit\/"]}]},{"@type":"ImageObject","inLanguage":"en-GB","@id":"https:\/\/ericeiramarket.pt\/noticias\/balagan-destacada-pela-nit\/#primaryimage","url":"https:\/\/ericeiramarket.pt\/wp-content\/uploads\/2022\/10\/Noticias-EM-22.png","contentUrl":"https:\/\/ericeiramarket.pt\/wp-content\/uploads\/2022\/10\/Noticias-EM-22.png","width":657,"height":657},{"@type":"BreadcrumbList","@id":"https:\/\/ericeiramarket.pt\/noticias\/balagan-destacada-pela-nit\/#breadcrumb","itemListElement":[{"@type":"ListItem","position":1,"name":"Home","item":"https:\/\/ericeiramarket.pt\/"},{"@type":"ListItem","position":2,"name":"Balagan destacada pela NiT !!"}]},{"@type":"WebSite","@id":"https:\/\/ericeiramarket.pt\/#website","url":"https:\/\/ericeiramarket.pt\/","name":"Ericeira Market","description":"The best of Ericeira is here!","publisher":{"@id":"https:\/\/ericeiramarket.pt\/#organization"},"potentialAction":[{"@type":"SearchAction","target":{"@type":"EntryPoint","urlTemplate":"https:\/\/ericeiramarket.pt\/?s={search_term_string}"},"query-input":{"@type":"PropertyValueSpecification","valueRequired":true,"valueName":"search_term_string"}}],"inLanguage":"en-GB"},{"@type":"Organization","@id":"https:\/\/ericeiramarket.pt\/#organization","name":"Ericeira Market - Ericeira fits in here","url":"https:\/\/ericeiramarket.pt\/","logo":{"@type":"ImageObject","inLanguage":"en-GB","@id":"https:\/\/ericeiramarket.pt\/#\/schema\/logo\/image\/","url":"https:\/\/ericeiramarket.pt\/wp-content\/uploads\/2020\/09\/Asset-4ericeira-market-logos-seo.png","contentUrl":"https:\/\/ericeiramarket.pt\/wp-content\/uploads\/2020\/09\/Asset-4ericeira-market-logos-seo.png","width":557,"height":566,"caption":"Ericeira Market - A Ericeira cabe toda aqui"},"image":{"@id":"https:\/\/ericeiramarket.pt\/#\/schema\/logo\/image\/"},"sameAs":["https:\/\/www.facebook.com\/EriceiraMarket\/"]},{"@type":"Person","@id":"https:\/\/ericeiramarket.pt\/#\/schema\/person\/a8532d4db332ba2ac1e02a786d0692d0","name":"Ericeira Market","image":{"@type":"ImageObject","inLanguage":"en-GB","@id":"https:\/\/secure.gravatar.com\/avatar\/f43414259cc024130a82ef3a8424acdf017e46833f462c74bb8990f88c297074?s=96&d=mm&r=g","url":"https:\/\/secure.gravatar.com\/avatar\/f43414259cc024130a82ef3a8424acdf017e46833f462c74bb8990f88c297074?s=96&d=mm&r=g","contentUrl":"https:\/\/secure.gravatar.com\/avatar\/f43414259cc024130a82ef3a8424acdf017e46833f462c74bb8990f88c297074?s=96&d=mm&r=g","caption":"Ericeira Market"},"url":"https:\/\/ericeiramarket.pt\/en\/author\/micaelamalheiro\/"}]}},"_links":{"self":[{"href":"https:\/\/ericeiramarket.pt\/en\/wp-json\/wp\/v2\/posts\/10515","targetHints":{"allow":["GET"]}}],"collection":[{"href":"https:\/\/ericeiramarket.pt\/en\/wp-json\/wp\/v2\/posts"}],"about":[{"href":"https:\/\/ericeiramarket.pt\/en\/wp-json\/wp\/v2\/types\/post"}],"author":[{"embeddable":true,"href":"https:\/\/ericeiramarket.pt\/en\/wp-json\/wp\/v2\/users\/5"}],"replies":[{"embeddable":true,"href":"https:\/\/ericeiramarket.pt\/en\/wp-json\/wp\/v2\/comments?post=10515"}],"version-history":[{"count":0,"href":"https:\/\/ericeiramarket.pt\/en\/wp-json\/wp\/v2\/posts\/10515\/revisions"}],"wp:featuredmedia":[{"embeddable":true,"href":"https:\/\/ericeiramarket.pt\/en\/wp-json\/wp\/v2\/media\/10535"}],"wp:attachment":[{"href":"https:\/\/ericeiramarket.pt\/en\/wp-json\/wp\/v2\/media?parent=10515"}],"wp:term":[{"taxonomy":"category","embeddable":true,"href":"https:\/\/ericeiramarket.pt\/en\/wp-json\/wp\/v2\/categories?post=10515"},{"taxonomy":"post_tag","embeddable":true,"href":"https:\/\/ericeiramarket.pt\/en\/wp-json\/wp\/v2\/tags?post=10515"}],"curies":[{"name":"wp","href":"https:\/\/api.w.org\/{rel}","templated":true}]}}